{"id":36025,"date":"2018-11-19T12:55:47","date_gmt":"2018-11-19T11:55:47","guid":{"rendered":"https:\/\/alzira.es\/unisocietat-presenta-para-el-mes-de-noviembre-la-conferencia-todo-lo-que-querias-saber-sobre-los-impuestos-y-nunca-te-has-atrevido-a-preguntar\/"},"modified":"2018-11-19T12:55:47","modified_gmt":"2018-11-19T11:55:47","slug":"unisocietat-presenta-para-el-mes-de-noviembre-la-conferencia-todo-lo-que-querias-saber-sobre-los-impuestos-y-nunca-te-has-atrevido-a-preguntar","status":"publish","type":"post","link":"https:\/\/alzira.es\/es\/unisocietat-presenta-para-el-mes-de-noviembre-la-conferencia-todo-lo-que-querias-saber-sobre-los-impuestos-y-nunca-te-has-atrevido-a-preguntar\/","title":{"rendered":"UNISOCIETAT presenta para el mes de noviembre la conferencia \u00abTodo lo que querias saber sobre los impuestos y nunca te has atrevido a preguntar\u00bb"},"content":{"rendered":"<p style=\"text-align: justify;\"><strong><a href=\"https:\/\/alzira.es\/wp-content\/uploads\/2018\/11\/Conferencia_Noviembre_Alzira.jpg\" target=\"_blank\" rel=\"noopener\"><img fetchpriority=\"high\" decoding=\"async\" class=\" alignleft size-full wp-image-36021\" style=\"margin-right: 10px; float: left;\" title=\"UNISOCIETAT presenta para el mes de noviembre la conferencia &quot;Todo lo que querias saber sobre los impuestos y nunca te has atrevido a preguntar&quot;\" src=\"https:\/\/alzira.es\/wp-content\/uploads\/2018\/11\/Conferencia_Noviembre_Alzira.jpg\" alt=\"Conferencia Noviembre Alzira\" width=\"400\" height=\"566\" \/><\/a>Alzira, 19 de noviembre de 2018 &#8211;<\/strong> El programa Unisocietat presenta para el mes de noviembre la conferencia, a cargo de Pura Peris Garc\u00eda, \u00abTodo lo que querias saber sobre los impuestos y nunca te has atrevido a preguntar\u00bb el martes 20 de noviembre de 2018, a las 19:00 horas, en la Sala Multiusos anexa al CFPA. Una sala que se ha acondicionado con la intenci\u00f3n de poder celebrar las conferencias de UNISOCIETAT y otras actividades educativas con la colaboraci\u00f3n de la Universidad de Valencia, del CEFIRE como otros eventos de entidades culturales y asociativas de Alzira.<\/p>\n<p style=\"text-align: justify;\">Recordemos que el programa Universidad y Sociedad es una iniciativa conjunta del Ayuntamiento de Alzira con la Universidad de Valencia, a trav\u00e9s del Vicerrectorado de Participaci\u00f3n y Proyecci\u00f3n Territorial, que ofrece formaci\u00f3n multidisciplinar b\u00e1sica a personas de 30 a\u00f1os o m\u00e1s, residentes en el municipio y la comarca de la Ribera Alta, que tengan inquietud por aprender y motivaci\u00f3n para la cultura.<\/p>\n<p style=\"text-align: justify;\">El concejal de Educaci\u00f3n e Infancia, Pepe Grau, insiste en destacar la importancia de las conferencias organizadas por la Universidad de Valencia y el Ayuntamiento de Alzira: \u00abLas conferencias de UNISOCIETAT, como siempre est\u00e1n abiertas a todo el p\u00fablico en general y son grandes ocasiones de aprendizaje para todas aquellas personas que quieren continuar cultivando su saber, gente con curiosidades e inquietudes. Son otra herramienta con la que abrimos ventanas a temas y cuestiones atractivas e interesantes que no debemos perdernos\u00bb.<\/p>\n","protected":false},"excerpt":{"rendered":"<p>Alzira, 19 de noviembre de 2018 &#8211; El programa Unisocietat presenta para el mes de noviembre la conferencia, a cargo de Pura Peris Garc\u00eda, \u00abTodo lo que querias saber sobre los impuestos y nunca te has atrevido a preguntar\u00bb el martes 20 de noviembre de 2018, a las 19:00 horas, en la Sala Multiusos anexa &hellip; <\/p>\n<p class=\"link-more\"><a href=\"https:\/\/alzira.es\/es\/unisocietat-presenta-para-el-mes-de-noviembre-la-conferencia-todo-lo-que-querias-saber-sobre-los-impuestos-y-nunca-te-has-atrevido-a-preguntar\/\" class=\"more-link\">Continuar leyendo<span class=\"screen-reader-text\"> \u00abUNISOCIETAT presenta para el mes de noviembre la conferencia \u00abTodo lo que querias saber sobre los impuestos y nunca te has atrevido a preguntar\u00bb\u00bb<\/span><\/a><\/p>\n","protected":false},"author":12,"featured_media":36021,"comment_status":"","ping_status":"","sticky":false,"template":"","format":"standard","meta":{"_acf_changed":false,"footnotes":""},"categories":[4936],"tags":[],"class_list":["post-36025","post","type-post","status-publish","format-standard","has-post-thumbnail","hentry","category-hemeroteca-es"],"acf":[],"_links":{"self":[{"href":"https:\/\/alzira.es\/es\/wp-json\/wp\/v2\/posts\/36025","targetHints":{"allow":["GET"]}}],"collection":[{"href":"https:\/\/alzira.es\/es\/wp-json\/wp\/v2\/posts"}],"about":[{"href":"https:\/\/alzira.es\/es\/wp-json\/wp\/v2\/types\/post"}],"author":[{"embeddable":true,"href":"https:\/\/alzira.es\/es\/wp-json\/wp\/v2\/users\/12"}],"replies":[{"embeddable":true,"href":"https:\/\/alzira.es\/es\/wp-json\/wp\/v2\/comments?post=36025"}],"version-history":[{"count":0,"href":"https:\/\/alzira.es\/es\/wp-json\/wp\/v2\/posts\/36025\/revisions"}],"wp:featuredmedia":[{"embeddable":true,"href":"https:\/\/alzira.es\/es\/wp-json\/wp\/v2\/media\/36021"}],"wp:attachment":[{"href":"https:\/\/alzira.es\/es\/wp-json\/wp\/v2\/media?parent=36025"}],"wp:term":[{"taxonomy":"category","embeddable":true,"href":"https:\/\/alzira.es\/es\/wp-json\/wp\/v2\/categories?post=36025"},{"taxonomy":"post_tag","embeddable":true,"href":"https:\/\/alzira.es\/es\/wp-json\/wp\/v2\/tags?post=36025"}],"curies":[{"name":"wp","href":"https:\/\/api.w.org\/{rel}","templated":true}]}}