{"id":36019,"date":"2018-11-19T12:49:27","date_gmt":"2018-11-19T11:49:27","guid":{"rendered":"https:\/\/alzira.es\/alzira-demanara-la-zona-catastrofica\/"},"modified":"2018-11-19T12:49:27","modified_gmt":"2018-11-19T11:49:27","slug":"alzira-demanara-la-zona-catastrofica","status":"publish","type":"post","link":"https:\/\/alzira.es\/es\/alzira-demanara-la-zona-catastrofica\/","title":{"rendered":"Alzira demanar\u00e0 la zona catastr\u00f2fica"},"content":{"rendered":"<p style=\"text-align: justify;\"><strong><a href=\"https:\/\/alzira.es\/wp-content\/uploads\/2018\/11\/PANTALLA_CLAU_pluja_clau-01.png\" target=\"_blank\" rel=\"noopener\"><img fetchpriority=\"high\" decoding=\"async\" class=\" alignleft size-full wp-image-36017\" style=\"margin-right: 10px; float: left;\" title=\"Alzira demanar\u00e0 la zona catastr\u00f2fica\" src=\"https:\/\/alzira.es\/wp-content\/uploads\/2018\/11\/PANTALLA_CLAU_pluja_clau-01.png\" alt=\"PANTALLA CLAU pluja clau-01\" width=\"600\" height=\"338\" srcset=\"https:\/\/alzira.es\/wp-content\/uploads\/2018\/11\/PANTALLA_CLAU_pluja_clau-01.png 8000w, https:\/\/alzira.es\/wp-content\/uploads\/2018\/11\/PANTALLA_CLAU_pluja_clau-01-680x383.png 680w, https:\/\/alzira.es\/wp-content\/uploads\/2018\/11\/PANTALLA_CLAU_pluja_clau-01-1430x805.png 1430w, https:\/\/alzira.es\/wp-content\/uploads\/2018\/11\/PANTALLA_CLAU_pluja_clau-01-768x432.png 768w, https:\/\/alzira.es\/wp-content\/uploads\/2018\/11\/PANTALLA_CLAU_pluja_clau-01-1536x864.png 1536w, https:\/\/alzira.es\/wp-content\/uploads\/2018\/11\/PANTALLA_CLAU_pluja_clau-01-2048x1152.png 2048w\" sizes=\"(max-width: 600px) 100vw, 600px\" \/><\/a>Alzira, 19 de novembre de 2018.-<\/strong> L&#8217;Ajuntament d&#8217;Alzira est\u00e0 elaborant un informe de dany provocats per les inundacions del passat divendres 16 de novembre per tal de demanar la zona catastr\u00f2fica.<\/p>\n<p style=\"text-align: justify;\">Hui ha tingut lloc la segona reuni\u00f3 de caps de departament en la qual s&#8217;ha establert el procediment d&#8217;arreplega de dades per tal d&#8217;elaborar una mem\u00f2ria avaluadora amb les dades objectives de les incid\u00e8ncia per la pluja. Este document inclour\u00e0 dades referides tant a la ciutadania com a empreses i comer\u00e7os, associacions i espais p\u00fablics.<\/p>\n<p style=\"text-align: justify;\">Un dels punts m\u00e9s importants de la reuni\u00f3 consistix en l&#8217;habilitaci\u00f3 de dos tr\u00e0mits a la Clau amb la finalitat de replegar les dades aportades per la ciutadania i els comer\u00e7os. L&#8217;aportaci\u00f3 de dades no pressuposa el dret a tindre una ajuda o indemnitzaci\u00f3,&nbsp;sense perjudici que les assegurances privades dels ve\u00efns responguen en funci\u00f3 de la p\u00f2lissa contractada.<\/p>\n<p style=\"text-align: justify;\">Est\u00e0 previst refor\u00e7ar el servei a la Clau en cas que siga necessari, per tal de tramitar danys urbans, rurals i de vehicles.<\/p>\n<p style=\"text-align: justify;\">L&#8217;Ajuntament demana als ve\u00efns dels barris de les Basses, l&#8217;Alquen\u00e8ncia i Ven\u00e8cia-Pere Cresp\u00ed que acudisquen a les oficines de la Clau per tal de fer el tr\u00e0mit \u00abPluges novembre 2018, comunicaci\u00f3 de danys\u00bb amb la finalitat de comptar amb la informaci\u00f3 m\u00e9s detallada possible de cara a l&#8217;elaboraci\u00f3 la mem\u00f2ria avaluadora. A m\u00e9s, els ciutadans tamb\u00e9 podran fer un tr\u00e0mit per a sol\u2022licitar ajuda dels Serveis Municipals per a la retirada d&#8217;objectes afectats o neteja.<\/p>\n<p style=\"text-align: justify;\">Estos dos tr\u00e0mits tamb\u00e9 estaran disponibles a la seu electr\u00f2nica per a poder fer la comunicaci\u00f3 Online, sense haver d&#8217;assistir presencialment a la Clau.<\/p>\n<p style=\"text-align: justify;\">L&#8217;alcalde d&#8217;Alzira, Diego G\u00f3mez, i el regidor de Gesti\u00f3 Urban\u00edstica, Fernando Pascual, es reuniran dem\u00e0 amb el Delegat del Govern, Juan Carlos Fulgencio, per tal d&#8217;exposar les conseq\u00fc\u00e8ncies de l&#8217;episodi de pluja i aportar les dades inicials aportades per la ciutadania. A m\u00e9s, G\u00f3mez i Pascual traslladaran la petici\u00f3 de la millora de les infraestructures h\u00eddriques necess\u00e0ries per tal d&#8217;evitar les inundacions i sol\u2022licitar\u00e0 una reuni\u00f3 conjunta amb la Confederaci\u00f3 Hidrogr\u00e0fica del X\u00faquer.<\/p>\n","protected":false},"excerpt":{"rendered":"<p>Alzira, 19 de novembre de 2018.- L&#8217;Ajuntament d&#8217;Alzira est\u00e0 elaborant un informe de dany provocats per les inundacions del passat divendres 16 de novembre per tal de demanar la zona catastr\u00f2fica. Hui ha tingut lloc la segona reuni\u00f3 de caps de departament en la qual s&#8217;ha establert el procediment d&#8217;arreplega de dades per tal d&#8217;elaborar &hellip; <\/p>\n<p class=\"link-more\"><a href=\"https:\/\/alzira.es\/es\/alzira-demanara-la-zona-catastrofica\/\" class=\"more-link\">Continuar leyendo<span class=\"screen-reader-text\"> \u00abAlzira demanar\u00e0 la zona catastr\u00f2fica\u00bb<\/span><\/a><\/p>\n","protected":false},"author":12,"featured_media":36017,"comment_status":"","ping_status":"","sticky":false,"template":"","format":"standard","meta":{"_acf_changed":false,"footnotes":""},"categories":[],"tags":[],"class_list":["post-36019","post","type-post","status-publish","format-standard","has-post-thumbnail","hentry"],"acf":[],"_links":{"self":[{"href":"https:\/\/alzira.es\/es\/wp-json\/wp\/v2\/posts\/36019","targetHints":{"allow":["GET"]}}],"collection":[{"href":"https:\/\/alzira.es\/es\/wp-json\/wp\/v2\/posts"}],"about":[{"href":"https:\/\/alzira.es\/es\/wp-json\/wp\/v2\/types\/post"}],"author":[{"embeddable":true,"href":"https:\/\/alzira.es\/es\/wp-json\/wp\/v2\/users\/12"}],"replies":[{"embeddable":true,"href":"https:\/\/alzira.es\/es\/wp-json\/wp\/v2\/comments?post=36019"}],"version-history":[{"count":0,"href":"https:\/\/alzira.es\/es\/wp-json\/wp\/v2\/posts\/36019\/revisions"}],"wp:featuredmedia":[{"embeddable":true,"href":"https:\/\/alzira.es\/es\/wp-json\/wp\/v2\/media\/36017"}],"wp:attachment":[{"href":"https:\/\/alzira.es\/es\/wp-json\/wp\/v2\/media?parent=36019"}],"wp:term":[{"taxonomy":"category","embeddable":true,"href":"https:\/\/alzira.es\/es\/wp-json\/wp\/v2\/categories?post=36019"},{"taxonomy":"post_tag","embeddable":true,"href":"https:\/\/alzira.es\/es\/wp-json\/wp\/v2\/tags?post=36019"}],"curies":[{"name":"wp","href":"https:\/\/api.w.org\/{rel}","templated":true}]}}