{"id":36014,"date":"2018-11-19T12:49:27","date_gmt":"2018-11-19T11:49:27","guid":{"rendered":"https:\/\/alzira.es\/alzira-pedira-la-zona-catastrofica\/"},"modified":"2018-11-19T12:49:27","modified_gmt":"2018-11-19T11:49:27","slug":"alzira-pedira-la-zona-catastrofica","status":"publish","type":"post","link":"https:\/\/alzira.es\/es\/alzira-pedira-la-zona-catastrofica\/","title":{"rendered":"Alzira pedir\u00e1 la zona catastr\u00f3fica"},"content":{"rendered":"<p style=\"text-align: justify;\"><strong><a href=\"https:\/\/alzira.es\/wp-content\/uploads\/2018\/11\/PANTALLA_CLAU_pluja_clau-02.png\" target=\"_blank\" rel=\"noopener\"><img fetchpriority=\"high\" decoding=\"async\" class=\" alignleft size-full wp-image-36011\" style=\"margin-right: 10px; float: left;\" title=\"Alzira pedir\u00e1 la zona catastr\u00f3fica\" src=\"https:\/\/alzira.es\/wp-content\/uploads\/2018\/11\/PANTALLA_CLAU_pluja_clau-02.png\" alt=\"PANTALLA CLAU pluja clau-02\" width=\"600\" height=\"338\" srcset=\"https:\/\/alzira.es\/wp-content\/uploads\/2018\/11\/PANTALLA_CLAU_pluja_clau-02.png 8001w, https:\/\/alzira.es\/wp-content\/uploads\/2018\/11\/PANTALLA_CLAU_pluja_clau-02-680x383.png 680w, https:\/\/alzira.es\/wp-content\/uploads\/2018\/11\/PANTALLA_CLAU_pluja_clau-02-1430x804.png 1430w, https:\/\/alzira.es\/wp-content\/uploads\/2018\/11\/PANTALLA_CLAU_pluja_clau-02-768x432.png 768w, https:\/\/alzira.es\/wp-content\/uploads\/2018\/11\/PANTALLA_CLAU_pluja_clau-02-1536x864.png 1536w, https:\/\/alzira.es\/wp-content\/uploads\/2018\/11\/PANTALLA_CLAU_pluja_clau-02-2048x1152.png 2048w\" sizes=\"(max-width: 600px) 100vw, 600px\" \/><\/a>Alzira, 19 de noviembre de 2018.-<\/strong> El Ayuntamiento de Alzira est\u00e1 elaborando un informe de da\u00f1o provocados por las inundaciones del pasado viernes 16 de noviembre con el fin de pedir la zona catastr\u00f3fica.<\/p>\n<p style=\"text-align: justify;\">Hoy ha tenido lugar la segunda reuni\u00f3n de jefes de departamento en la que se ha establecido el procedimiento de recogida de datos para elaborar una memoria evaluadora con los datos objetivos de las incidencia por la lluvia. Este documento incluir\u00e1 datos referidos tanto a la ciudadan\u00eda como a empresas y comercios, asociaciones y espacios p\u00fablicos.<\/p>\n<p style=\"text-align: justify;\">Uno de los puntos m\u00e1s importantes de la reuni\u00f3n consiste en la habilitaci\u00f3n de dos tr\u00e1mites en La Clau con el fin de recoger los datos aportados por la ciudadan\u00eda y los comercios. La aportaci\u00f3n de datos no presupone el derecho a tener una ayuda o indemnizaci\u00f3n,&nbsp;sin perjuicio de que los seguros privados de los vecinos respondan en funci\u00f3n de la p\u00f3liza contratada.&nbsp;<\/p>\n<p style=\"text-align: justify;\">Est\u00e1 previsto reforzar el servicio en La Clau en caso de que sea necesario, a fin de tramitar da\u00f1os urbanos, rurales y de veh\u00edculos.<\/p>\n<p style=\"text-align: justify;\">El Ayuntamiento pide a los vecinos de los barrios de les Basses, l&#8217;Alquenencia y Venecia-Pere Cresp\u00ed que acudan a las oficinas de La Clau para hacer el tr\u00e1mite \u00abPluges novembre 2018, comunicaci\u00f3 de danys\u00bb con el fin de contar con la informaci\u00f3n m\u00e1s detallada posible de cara a la elaboraci\u00f3n de la memoria evaluadora. Adem\u00e1s, los ciudadanos tambi\u00e9n podr\u00e1n hacer un tr\u00e1mite para solicitar ayuda de los servicios municipales para la retirada de objetos afectados o limpieza.<\/p>\n<p style=\"text-align: justify;\">Estos dos tr\u00e1mites tambi\u00e9n estar\u00e1n disponibles en la sede electr\u00f3nica para poder hacer la comunicaci\u00f3n Online, sin tener que asistir presencialmente a La Clau.<\/p>\n<p style=\"text-align: justify;\">El alcalde de Alzira, Diego G\u00f3mez; y el concejal de Gesti\u00f3n Urban\u00edstica, Fernando Pascual; se reunir\u00e1n ma\u00f1ana con el Delegado del Gobierno, Juan Carlos Fulgencio; a fin de exponer las consecuencias del episodio de lluvia y aportar los datos iniciales aportados por la ciudadan\u00eda. Adem\u00e1s, G\u00f3mez y Pascual trasladar\u00e1n la petici\u00f3n de la mejora de las infraestructuras h\u00eddricas necesarias para evitar las inundaciones y solicitar\u00e1 una reuni\u00f3n conjunta con la Confederaci\u00f3n Hidrogr\u00e1fica del J\u00facar.<\/p>\n<p style=\"text-align: justify;\">&nbsp;<\/p>\n","protected":false},"excerpt":{"rendered":"<p>Alzira, 19 de noviembre de 2018.- El Ayuntamiento de Alzira est\u00e1 elaborando un informe de da\u00f1o provocados por las inundaciones del pasado viernes 16 de noviembre con el fin de pedir la zona catastr\u00f3fica. Hoy ha tenido lugar la segunda reuni\u00f3n de jefes de departamento en la que se ha establecido el procedimiento de recogida &hellip; <\/p>\n<p class=\"link-more\"><a href=\"https:\/\/alzira.es\/es\/alzira-pedira-la-zona-catastrofica\/\" class=\"more-link\">Continuar leyendo<span class=\"screen-reader-text\"> \u00abAlzira pedir\u00e1 la zona catastr\u00f3fica\u00bb<\/span><\/a><\/p>\n","protected":false},"author":12,"featured_media":36012,"comment_status":"","ping_status":"","sticky":false,"template":"","format":"standard","meta":{"_acf_changed":false,"footnotes":""},"categories":[4936],"tags":[],"class_list":["post-36014","post","type-post","status-publish","format-standard","has-post-thumbnail","hentry","category-hemeroteca-es"],"acf":[],"_links":{"self":[{"href":"https:\/\/alzira.es\/es\/wp-json\/wp\/v2\/posts\/36014","targetHints":{"allow":["GET"]}}],"collection":[{"href":"https:\/\/alzira.es\/es\/wp-json\/wp\/v2\/posts"}],"about":[{"href":"https:\/\/alzira.es\/es\/wp-json\/wp\/v2\/types\/post"}],"author":[{"embeddable":true,"href":"https:\/\/alzira.es\/es\/wp-json\/wp\/v2\/users\/12"}],"replies":[{"embeddable":true,"href":"https:\/\/alzira.es\/es\/wp-json\/wp\/v2\/comments?post=36014"}],"version-history":[{"count":0,"href":"https:\/\/alzira.es\/es\/wp-json\/wp\/v2\/posts\/36014\/revisions"}],"wp:featuredmedia":[{"embeddable":true,"href":"https:\/\/alzira.es\/es\/wp-json\/wp\/v2\/media\/36012"}],"wp:attachment":[{"href":"https:\/\/alzira.es\/es\/wp-json\/wp\/v2\/media?parent=36014"}],"wp:term":[{"taxonomy":"category","embeddable":true,"href":"https:\/\/alzira.es\/es\/wp-json\/wp\/v2\/categories?post=36014"},{"taxonomy":"post_tag","embeddable":true,"href":"https:\/\/alzira.es\/es\/wp-json\/wp\/v2\/tags?post=36014"}],"curies":[{"name":"wp","href":"https:\/\/api.w.org\/{rel}","templated":true}]}}