{"id":35970,"date":"2018-11-19T07:35:10","date_gmt":"2018-11-19T06:35:10","guid":{"rendered":"https:\/\/alzira.es\/actualitat-pluja-2\/"},"modified":"2018-11-19T07:35:10","modified_gmt":"2018-11-19T06:35:10","slug":"actualitat-pluja-2","status":"publish","type":"post","link":"https:\/\/alzira.es\/es\/actualitat-pluja-2\/","title":{"rendered":"Actualitat Pluja"},"content":{"rendered":"<p style=\"margin-top: 0px; margin-bottom: 6px; font-family: Helvetica, Arial, sans-serif; color: #1d2129; font-size: 14px;\">L&#8217;equip de govern ja est\u00e0 controlant la situaci\u00f3 en esta complicada jornada de intenses pluges. Cal recordar que continuem en emerg\u00e8ncia 1 per possibles inundacions.<\/p>\n<p style=\"margin-top: 6px; margin-bottom: 6px; font-family: Helvetica, Arial, sans-serif; color: #1d2129; font-size: 14px;\">La nit ha estat tranquil\u00b7la, per\u00f2 \u00e9s a partir d&#8217;ara quan les previsions indiquen que pot ploure amb major intensitat.<\/p>\n<p style=\"margin-top: 6px; margin-bottom: 6px; font-family: Helvetica, Arial, sans-serif; color: #1d2129; font-size: 14px;\">Recordem que les classes i activitats esportives estan suspeses.<\/p>\n<div class=\"text_exposed_show\" style=\"display: inline; font-family: Helvetica, Arial, sans-serif; color: #1d2129; font-size: 14px;\">\n<p style=\"margin-top: 0px; margin-bottom: 6px; font-family: inherit;\">El cam\u00ed de Vilella est\u00e0 tallat i tamb\u00e9 la carretera d&#8217;Albalat.<\/p>\n<p style=\"margin-top: 6px; margin-bottom: 6px; font-family: inherit;\">Cal procurar no agafar els veh\u00edcles si no \u00e9s extrictament necessari i cal informar-se abans d&#8217;iniciar qualsevol ruta<\/p>\n<\/p><\/div>\n<p style=\"text-align: center;\"><img fetchpriority=\"high\" decoding=\"async\" class=\" size-full wp-image-35966\" src=\"https:\/\/alzira.es\/wp-content\/uploads\/2018\/11\/S09N8113.jpg\" alt=\"S09N8113\" width=\"400\" height=\"225\" srcset=\"https:\/\/alzira.es\/wp-content\/uploads\/2018\/11\/S09N8113.jpg 1280w, https:\/\/alzira.es\/wp-content\/uploads\/2018\/11\/S09N8113-680x383.jpg 680w, https:\/\/alzira.es\/wp-content\/uploads\/2018\/11\/S09N8113-768x432.jpg 768w\" sizes=\"(max-width: 400px) 100vw, 400px\" \/><\/p>\n<p><a href=\"https:\/\/www.ivoox.com\/especial-pluges-diego-gomez-6-30hores-19-10-2018-audios-mp3_rf_30156575_1.html?fbclid=IwAR1bYlT0MCSKKFXkeE1L-c-AaGn5wmKaqlIwdnNZPeqlLRm829yAcFcT8Z8\">https:\/\/www.ivoox.com\/especial-pluges-diego-gomez-6-30hores-19-10-2018-audios-mp3_rf_30156575_1.html?fbclid=IwAR1bYlT0MCSKKFXkeE1L-c-AaGn5wmKaqlIwdnNZPeqlLRm829yAcFcT8Z8<\/a><a href=\"https:\/\/www.ivoox.com\/especial-pluges-diego-gomez-6-30hores-19-10-2018-audios-mp3_rf_30156575_1.html?fbclid=IwAR1bYlT0MCSKKFXkeE1L-c-AaGn5wmKaqlIwdnNZPeqlLRm829yAcFcT8Z8\"><br \/><\/a><\/p>\n","protected":false},"excerpt":{"rendered":"<p>L&#8217;equip de govern ja est\u00e0 controlant la situaci\u00f3 en esta complicada jornada de intenses pluges. Cal recordar que continuem en emerg\u00e8ncia 1 per possibles inundacions. La nit ha estat tranquil\u00b7la, per\u00f2 \u00e9s a partir d&#8217;ara quan les previsions indiquen que pot ploure amb major intensitat. Recordem que les classes i activitats esportives estan suspeses. El &hellip; <\/p>\n<p class=\"link-more\"><a href=\"https:\/\/alzira.es\/es\/actualitat-pluja-2\/\" class=\"more-link\">Continuar leyendo<span class=\"screen-reader-text\"> \u00abActualitat Pluja\u00bb<\/span><\/a><\/p>\n","protected":false},"author":36,"featured_media":35966,"comment_status":"","ping_status":"","sticky":false,"template":"","format":"standard","meta":{"_acf_changed":false,"footnotes":""},"categories":[],"tags":[],"class_list":["post-35970","post","type-post","status-publish","format-standard","has-post-thumbnail","hentry"],"acf":[],"_links":{"self":[{"href":"https:\/\/alzira.es\/es\/wp-json\/wp\/v2\/posts\/35970","targetHints":{"allow":["GET"]}}],"collection":[{"href":"https:\/\/alzira.es\/es\/wp-json\/wp\/v2\/posts"}],"about":[{"href":"https:\/\/alzira.es\/es\/wp-json\/wp\/v2\/types\/post"}],"author":[{"embeddable":true,"href":"https:\/\/alzira.es\/es\/wp-json\/wp\/v2\/users\/36"}],"replies":[{"embeddable":true,"href":"https:\/\/alzira.es\/es\/wp-json\/wp\/v2\/comments?post=35970"}],"version-history":[{"count":0,"href":"https:\/\/alzira.es\/es\/wp-json\/wp\/v2\/posts\/35970\/revisions"}],"wp:featuredmedia":[{"embeddable":true,"href":"https:\/\/alzira.es\/es\/wp-json\/wp\/v2\/media\/35966"}],"wp:attachment":[{"href":"https:\/\/alzira.es\/es\/wp-json\/wp\/v2\/media?parent=35970"}],"wp:term":[{"taxonomy":"category","embeddable":true,"href":"https:\/\/alzira.es\/es\/wp-json\/wp\/v2\/categories?post=35970"},{"taxonomy":"post_tag","embeddable":true,"href":"https:\/\/alzira.es\/es\/wp-json\/wp\/v2\/tags?post=35970"}],"curies":[{"name":"wp","href":"https:\/\/api.w.org\/{rel}","templated":true}]}}