{"id":35958,"date":"2018-11-17T19:10:15","date_gmt":"2018-11-17T18:10:15","guid":{"rendered":"https:\/\/alzira.es\/l-equip-de-govern-es-reunix-per-fer-seguiment-i-avaluacio-de-la-situacio-de-la-ciutat-d-alzira-2\/"},"modified":"2018-11-17T19:10:15","modified_gmt":"2018-11-17T18:10:15","slug":"l-equip-de-govern-es-reunix-per-fer-seguiment-i-avaluacio-de-la-situacio-de-la-ciutat-d-alzira-2","status":"publish","type":"post","link":"https:\/\/alzira.es\/es\/l-equip-de-govern-es-reunix-per-fer-seguiment-i-avaluacio-de-la-situacio-de-la-ciutat-d-alzira-2\/","title":{"rendered":"L\u2019Equip de Govern es reunix per fer seguiment i avaluaci\u00f3 de la situaci\u00f3 de la ciutat d\u2019Alzira"},"content":{"rendered":"<p style=\"text-align: justify;\"><strong>Alzira, 17 de novembre de 2018 \u2013<\/strong> L\u2019Ajuntament d\u2019Alzira ha celebrat, a les&nbsp;14.00 hores, una reuni\u00f3 extraordin\u00e0ria d\u2019Equip de Govern seguint el Pla&nbsp;d\u2019Emerg\u00e8ncies Contra Inundacions, per tal de fer seguiment i avaluaci\u00f3 de&nbsp;les actuacions que es duen a terme a conseq\u00fc\u00e8ncia de l\u2019episodi de pluges&nbsp;enregistrat en la nostra ciutat.<\/p>\n<p style=\"text-align: justify;\">En l\u2019esmentada reuni\u00f3 s\u2019han tractat els temes i les compet\u00e8ncies que&nbsp;pertanyen als departaments responsables per tal de continuar amb la&nbsp;coordinaci\u00f3 de personal de l\u2019Ajuntament davant la situaci\u00f3 actual.&nbsp;L\u2019Equip de Govern es tornar\u00e0 a reunir dem\u00e0 diumenge a les 10.00 hores per&nbsp;continuar avaluant les tasques d\u2019adequaci\u00f3 de la ciutat i la coordinaci\u00f3 de&nbsp;departaments davant la previsi\u00f3 meteorol\u00f2gica.<\/p>\n<p style=\"text-align: justify;\">Al mateix temps s\u2019ha decidit habilitar un n\u00famero de tel\u00e8fon d\u2019atenci\u00f3 al&nbsp;ciutad\u00e0, per tal d\u2019informar i arreplegar les incid\u00e8ncies i necessitats ve\u00efnals&nbsp;produ\u00efdes pel temporal de pluges. Este servei extraordinari estar\u00e0&nbsp;disponible, al 962400450, hui dissabte de 17.00 a 20.00 hores i dem\u00e0&nbsp;diumenge de 09.00 a 13.00 i de 17.00 a 21.00 hores.<\/p>\n<p style=\"text-align: justify;\">Tota la informaci\u00f3 estar\u00e0 a l\u2019abast dels ciutadans i ciutadanes a trav\u00e9s de les&nbsp;xarxes Socials de l\u2019Ajuntament d\u2019Alzira, Alzira R\u00e0dio i Policia Local.<\/p>\n<p style=\"text-align: center;\"><img fetchpriority=\"high\" decoding=\"async\" class=\" size-full wp-image-35954\" src=\"https:\/\/alzira.es\/wp-content\/uploads\/2018\/11\/incidencies_telefono_ok-01.jpg\" alt=\"incidencies telefono ok-01\" width=\"500\" height=\"304\" srcset=\"https:\/\/alzira.es\/wp-content\/uploads\/2018\/11\/incidencies_telefono_ok-01.jpg 2480w, https:\/\/alzira.es\/wp-content\/uploads\/2018\/11\/incidencies_telefono_ok-01-680x414.jpg 680w, https:\/\/alzira.es\/wp-content\/uploads\/2018\/11\/incidencies_telefono_ok-01-1430x870.jpg 1430w, https:\/\/alzira.es\/wp-content\/uploads\/2018\/11\/incidencies_telefono_ok-01-768x467.jpg 768w, https:\/\/alzira.es\/wp-content\/uploads\/2018\/11\/incidencies_telefono_ok-01-1536x935.jpg 1536w, https:\/\/alzira.es\/wp-content\/uploads\/2018\/11\/incidencies_telefono_ok-01-2048x1246.jpg 2048w\" sizes=\"(max-width: 500px) 100vw, 500px\" \/><\/p>\n<p>&nbsp;<\/p>\n","protected":false},"excerpt":{"rendered":"<p>Alzira, 17 de novembre de 2018 \u2013 L\u2019Ajuntament d\u2019Alzira ha celebrat, a les&nbsp;14.00 hores, una reuni\u00f3 extraordin\u00e0ria d\u2019Equip de Govern seguint el Pla&nbsp;d\u2019Emerg\u00e8ncies Contra Inundacions, per tal de fer seguiment i avaluaci\u00f3 de&nbsp;les actuacions que es duen a terme a conseq\u00fc\u00e8ncia de l\u2019episodi de pluges&nbsp;enregistrat en la nostra ciutat. En l\u2019esmentada reuni\u00f3 s\u2019han tractat els &hellip; <\/p>\n<p class=\"link-more\"><a href=\"https:\/\/alzira.es\/es\/l-equip-de-govern-es-reunix-per-fer-seguiment-i-avaluacio-de-la-situacio-de-la-ciutat-d-alzira-2\/\" class=\"more-link\">Continuar leyendo<span class=\"screen-reader-text\"> \u00abL\u2019Equip de Govern es reunix per fer seguiment i avaluaci\u00f3 de la situaci\u00f3 de la ciutat d\u2019Alzira\u00bb<\/span><\/a><\/p>\n","protected":false},"author":36,"featured_media":35954,"comment_status":"","ping_status":"","sticky":false,"template":"","format":"standard","meta":{"_acf_changed":false,"footnotes":""},"categories":[],"tags":[],"class_list":["post-35958","post","type-post","status-publish","format-standard","has-post-thumbnail","hentry"],"acf":[],"_links":{"self":[{"href":"https:\/\/alzira.es\/es\/wp-json\/wp\/v2\/posts\/35958","targetHints":{"allow":["GET"]}}],"collection":[{"href":"https:\/\/alzira.es\/es\/wp-json\/wp\/v2\/posts"}],"about":[{"href":"https:\/\/alzira.es\/es\/wp-json\/wp\/v2\/types\/post"}],"author":[{"embeddable":true,"href":"https:\/\/alzira.es\/es\/wp-json\/wp\/v2\/users\/36"}],"replies":[{"embeddable":true,"href":"https:\/\/alzira.es\/es\/wp-json\/wp\/v2\/comments?post=35958"}],"version-history":[{"count":0,"href":"https:\/\/alzira.es\/es\/wp-json\/wp\/v2\/posts\/35958\/revisions"}],"wp:featuredmedia":[{"embeddable":true,"href":"https:\/\/alzira.es\/es\/wp-json\/wp\/v2\/media\/35954"}],"wp:attachment":[{"href":"https:\/\/alzira.es\/es\/wp-json\/wp\/v2\/media?parent=35958"}],"wp:term":[{"taxonomy":"category","embeddable":true,"href":"https:\/\/alzira.es\/es\/wp-json\/wp\/v2\/categories?post=35958"},{"taxonomy":"post_tag","embeddable":true,"href":"https:\/\/alzira.es\/es\/wp-json\/wp\/v2\/tags?post=35958"}],"curies":[{"name":"wp","href":"https:\/\/api.w.org\/{rel}","templated":true}]}}