{"id":35956,"date":"2018-11-17T19:10:15","date_gmt":"2018-11-17T18:10:15","guid":{"rendered":"https:\/\/alzira.es\/l-equip-de-govern-es-reunix-per-fer-seguiment-i-avaluacio-de-la-situacio-de-la-ciutat-d-alzira\/"},"modified":"2021-10-07T10:56:15","modified_gmt":"2021-10-07T08:56:15","slug":"el-equipo-de-gobierno-se-reune-para-hacer-seguimiento-y-evaluacion-de-la-situacion-de-la-ciudad-de-alzira","status":"publish","type":"post","link":"https:\/\/alzira.es\/es\/el-equipo-de-gobierno-se-reune-para-hacer-seguimiento-y-evaluacion-de-la-situacion-de-la-ciudad-de-alzira\/","title":{"rendered":"El equipo de Gobierno se reune para hacer seguimiento y evaluaci\u00f3n de la situaci\u00f3n de la ciudad de Alzira"},"content":{"rendered":"<p style=\"text-align: justify;\"><strong>Alzira, 17 de noviembre de 2018 &#8211;<\/strong> El Ayuntamiento de Alzira ha celebrado, a las 14.00 horas, una reuni\u00f3n extraordinaria de Equipo de Gobierno siguiendo el Plan&nbsp;de Emergencias Contra Inundaciones, para hacer seguimiento y evaluaci\u00f3n de&nbsp;las actuaciones que se llevan a cabo a consecuencia del episodio de lluvias&nbsp;registrado en nuestra ciudad.<\/p>\n<p style=\"text-align: justify;\">En dicha reuni\u00f3n se han tratado los temas y las competencias que&nbsp;pertenecen a los departamentos responsables para continuar con la&nbsp;coordinaci\u00f3n de personal del Ayuntamiento ante la situaci\u00f3n actual.&nbsp;El Equipo de Gobierno se volver\u00e1 a reunir ma\u00f1ana domingo a las 10.00 horas para&nbsp;continuar evaluando las tareas de adecuaci\u00f3n de la ciudad y la coordinaci\u00f3n de&nbsp;departamentos ante la previsi\u00f3n meteorol\u00f3gica.&nbsp;Al mismo tiempo se ha decidido habilitar un n\u00famero de tel\u00e9fono de atenci\u00f3n al&nbsp;ciudadano, para informar y recoger las incidencias y necesidades vecinales&nbsp;producidas por el temporal de lluvias. Este servicio extraordinario estar\u00e1&nbsp;disponible, al 962400450, hoy s\u00e1bado de 17.00 a 20.00 horas y ma\u00f1ana&nbsp;domingo de 09.00 a 13.00 y de 17.00 a 21.00 horas.<\/p>\n<p style=\"text-align: justify;\">Toda la informaci\u00f3n estar\u00e1 al alcance de los ciudadanos a trav\u00e9s de las&nbsp;redes Sociales del Ayuntamiento de Alzira, Alzira Radio y Polic\u00eda Local.<\/p>\n<p style=\"text-align: center;\"><img fetchpriority=\"high\" decoding=\"async\" class=\" size-full wp-image-35954\" src=\"https:\/\/alzira.es\/wp-content\/uploads\/2018\/11\/incidencies_telefono_ok-01.jpg\" alt=\"incidencies telefono ok-01\" width=\"500\" height=\"304\" srcset=\"https:\/\/alzira.es\/wp-content\/uploads\/2018\/11\/incidencies_telefono_ok-01.jpg 2480w, https:\/\/alzira.es\/wp-content\/uploads\/2018\/11\/incidencies_telefono_ok-01-680x414.jpg 680w, https:\/\/alzira.es\/wp-content\/uploads\/2018\/11\/incidencies_telefono_ok-01-1430x870.jpg 1430w, https:\/\/alzira.es\/wp-content\/uploads\/2018\/11\/incidencies_telefono_ok-01-768x467.jpg 768w, https:\/\/alzira.es\/wp-content\/uploads\/2018\/11\/incidencies_telefono_ok-01-1536x935.jpg 1536w, https:\/\/alzira.es\/wp-content\/uploads\/2018\/11\/incidencies_telefono_ok-01-2048x1246.jpg 2048w\" sizes=\"(max-width: 500px) 100vw, 500px\" \/><\/p>\n<p>&nbsp;<\/p>\n","protected":false},"excerpt":{"rendered":"<p>Alzira, 17 de noviembre de 2018 &#8211; El Ayuntamiento de Alzira ha celebrado, a las 14.00 horas, una reuni\u00f3n extraordinaria de Equipo de Gobierno siguiendo el Plan&nbsp;de Emergencias Contra Inundaciones, para hacer seguimiento y evaluaci\u00f3n de&nbsp;las actuaciones que se llevan a cabo a consecuencia del episodio de lluvias&nbsp;registrado en nuestra ciudad. En dicha reuni\u00f3n se &hellip; <\/p>\n<p class=\"link-more\"><a href=\"https:\/\/alzira.es\/es\/el-equipo-de-gobierno-se-reune-para-hacer-seguimiento-y-evaluacion-de-la-situacion-de-la-ciudad-de-alzira\/\" class=\"more-link\">Continuar leyendo<span class=\"screen-reader-text\"> \u00abEl equipo de Gobierno se reune para hacer seguimiento y evaluaci\u00f3n de la situaci\u00f3n de la ciudad de Alzira\u00bb<\/span><\/a><\/p>\n","protected":false},"author":36,"featured_media":35954,"comment_status":"closed","ping_status":"closed","sticky":false,"template":"","format":"standard","meta":{"_acf_changed":false,"footnotes":""},"categories":[4936],"tags":[],"class_list":["post-35956","post","type-post","status-publish","format-standard","has-post-thumbnail","hentry","category-hemeroteca-es"],"acf":[],"_links":{"self":[{"href":"https:\/\/alzira.es\/es\/wp-json\/wp\/v2\/posts\/35956","targetHints":{"allow":["GET"]}}],"collection":[{"href":"https:\/\/alzira.es\/es\/wp-json\/wp\/v2\/posts"}],"about":[{"href":"https:\/\/alzira.es\/es\/wp-json\/wp\/v2\/types\/post"}],"author":[{"embeddable":true,"href":"https:\/\/alzira.es\/es\/wp-json\/wp\/v2\/users\/36"}],"replies":[{"embeddable":true,"href":"https:\/\/alzira.es\/es\/wp-json\/wp\/v2\/comments?post=35956"}],"version-history":[{"count":1,"href":"https:\/\/alzira.es\/es\/wp-json\/wp\/v2\/posts\/35956\/revisions"}],"predecessor-version":[{"id":101991,"href":"https:\/\/alzira.es\/es\/wp-json\/wp\/v2\/posts\/35956\/revisions\/101991"}],"wp:featuredmedia":[{"embeddable":true,"href":"https:\/\/alzira.es\/es\/wp-json\/wp\/v2\/media\/35954"}],"wp:attachment":[{"href":"https:\/\/alzira.es\/es\/wp-json\/wp\/v2\/media?parent=35956"}],"wp:term":[{"taxonomy":"category","embeddable":true,"href":"https:\/\/alzira.es\/es\/wp-json\/wp\/v2\/categories?post=35956"},{"taxonomy":"post_tag","embeddable":true,"href":"https:\/\/alzira.es\/es\/wp-json\/wp\/v2\/tags?post=35956"}],"curies":[{"name":"wp","href":"https:\/\/api.w.org\/{rel}","templated":true}]}}