{"id":35952,"date":"2018-11-17T18:57:35","date_gmt":"2018-11-17T17:57:35","guid":{"rendered":"https:\/\/alzira.es\/continuen-les-tasques-de-neteja-a-alzira-3\/"},"modified":"2018-11-17T18:57:35","modified_gmt":"2018-11-17T17:57:35","slug":"continuen-les-tasques-de-neteja-a-alzira-3","status":"publish","type":"post","link":"https:\/\/alzira.es\/es\/continuen-les-tasques-de-neteja-a-alzira-3\/","title":{"rendered":"Continuen les tasques de neteja a Alzira"},"content":{"rendered":"<p style=\"margin-top: 0px; margin-bottom: 6px; font-family: Helvetica, Arial, sans-serif; color: #1d2129; font-size: 14px;\"><strong>Alzira, 17 de novembre de 2018._<\/strong> Continuen les tasques de neteja i evacuaci\u00f3 d\u2019aigua a les zones afectades per l\u2019episodi de pluges d\u2019ahir.&nbsp;Tot i que la situaci\u00f3 meteorol\u00f2gica est\u00e0 estable, s\u2019est\u00e0 vigilant mantenint-se el nivell d\u2019emerg\u00e8ncia.<\/p>\n<p style=\"margin-top: 6px; margin-bottom: 0px; display: inline; font-family: Helvetica, Arial, sans-serif; color: #1d2129; font-size: 14px;\">Els treballadors i treballadores dels serveis municipals, de la Generalitat Valenciana i de la Diputaci\u00f3 de Val\u00e8ncia continuaran treballant per a tornar a la normalitat<\/p>\n<p style=\"margin-top: 6px; margin-bottom: 0px; display: inline; font-family: Helvetica, Arial, sans-serif; color: #1d2129; font-size: 14px;\">&nbsp;<\/p>\n<p style=\"margin-top: 6px; margin-bottom: 0px; display: inline; font-family: Helvetica, Arial, sans-serif; color: #1d2129; font-size: 14px;\">&nbsp;<\/p>\n<p style=\"margin-top: 6px; margin-bottom: 0px; display: inline; font-family: Helvetica, Arial, sans-serif; color: #1d2129; font-size: 14px;\">&nbsp;<\/p>\n<p style=\"margin-top: 6px; margin-bottom: 0px; display: inline; font-family: Helvetica, Arial, sans-serif; color: #1d2129; font-size: 14px;\">&nbsp;<\/p>\n<p style=\"margin-top: 6px; margin-bottom: 0px; display: inline; font-family: Helvetica, Arial, sans-serif; color: #1d2129; font-size: 14px;\"><img fetchpriority=\"high\" decoding=\"async\" class=\" size-full wp-image-35934\" src=\"https:\/\/alzira.es\/wp-content\/uploads\/2018\/11\/46182824_1957135161033313_2598552065592524800_n.jpg\" alt=\"46182824 1957135161033313 2598552065592524800 n\" width=\"400\" height=\"300\" srcset=\"https:\/\/alzira.es\/wp-content\/uploads\/2018\/11\/46182824_1957135161033313_2598552065592524800_n.jpg 960w, https:\/\/alzira.es\/wp-content\/uploads\/2018\/11\/46182824_1957135161033313_2598552065592524800_n-680x510.jpg 680w, https:\/\/alzira.es\/wp-content\/uploads\/2018\/11\/46182824_1957135161033313_2598552065592524800_n-768x576.jpg 768w\" sizes=\"(max-width: 400px) 100vw, 400px\" \/>&nbsp;<\/p>\n<p style=\"margin-top: 6px; margin-bottom: 0px; display: inline; font-family: Helvetica, Arial, sans-serif; color: #1d2129; font-size: 14px;\"><img decoding=\"async\" class=\"size-full wp-image-35938 lazyload\" data-src=\"https:\/\/alzira.es\/wp-content\/uploads\/2018\/11\/46353098_1957134967699999_269459509347352576_n.jpg\" alt=\"46353098 1957134967699999 269459509347352576 n\" width=\"400\" height=\"300\" data-srcset=\"https:\/\/alzira.es\/wp-content\/uploads\/2018\/11\/46353098_1957134967699999_269459509347352576_n.jpg 960w, https:\/\/alzira.es\/wp-content\/uploads\/2018\/11\/46353098_1957134967699999_269459509347352576_n-680x510.jpg 680w, https:\/\/alzira.es\/wp-content\/uploads\/2018\/11\/46353098_1957134967699999_269459509347352576_n-768x576.jpg 768w\" data-sizes=\"(max-width: 400px) 100vw, 400px\" src=\"data:image\/svg+xml;base64,PHN2ZyB3aWR0aD0iMSIgaGVpZ2h0PSIxIiB4bWxucz0iaHR0cDovL3d3dy53My5vcmcvMjAwMC9zdmciPjwvc3ZnPg==\" style=\"--smush-placeholder-width: 400px; --smush-placeholder-aspect-ratio: 400\/300;\" \/>&nbsp;<\/p>\n<p style=\"margin-top: 6px; margin-bottom: 0px; display: inline; font-family: Helvetica, Arial, sans-serif; color: #1d2129; font-size: 14px;\"><img decoding=\"async\" class=\"size-full wp-image-35940 lazyload\" data-src=\"https:\/\/alzira.es\/wp-content\/uploads\/2018\/11\/46377533_1957134897700006_1901536911344795648_n.jpg\" alt=\"46377533 1957134897700006 1901536911344795648 n\" width=\"400\" height=\"300\" data-srcset=\"https:\/\/alzira.es\/wp-content\/uploads\/2018\/11\/46377533_1957134897700006_1901536911344795648_n.jpg 960w, https:\/\/alzira.es\/wp-content\/uploads\/2018\/11\/46377533_1957134897700006_1901536911344795648_n-680x510.jpg 680w, https:\/\/alzira.es\/wp-content\/uploads\/2018\/11\/46377533_1957134897700006_1901536911344795648_n-768x576.jpg 768w\" data-sizes=\"(max-width: 400px) 100vw, 400px\" src=\"data:image\/svg+xml;base64,PHN2ZyB3aWR0aD0iMSIgaGVpZ2h0PSIxIiB4bWxucz0iaHR0cDovL3d3dy53My5vcmcvMjAwMC9zdmciPjwvc3ZnPg==\" style=\"--smush-placeholder-width: 400px; --smush-placeholder-aspect-ratio: 400\/300;\" \/><\/p>\n<p style=\"margin-top: 6px; margin-bottom: 0px; display: inline; font-family: Helvetica, Arial, sans-serif; color: #1d2129; font-size: 14px;\"><img decoding=\"async\" class=\"size-full wp-image-35943 lazyload\" data-src=\"https:\/\/alzira.es\/wp-content\/uploads\/2018\/11\/46388919_1957135214366641_3462163057017356288_n.jpg\" alt=\"46388919 1957135214366641 3462163057017356288 n\" width=\"400\" height=\"300\" data-srcset=\"https:\/\/alzira.es\/wp-content\/uploads\/2018\/11\/46388919_1957135214366641_3462163057017356288_n.jpg 960w, https:\/\/alzira.es\/wp-content\/uploads\/2018\/11\/46388919_1957135214366641_3462163057017356288_n-680x510.jpg 680w, https:\/\/alzira.es\/wp-content\/uploads\/2018\/11\/46388919_1957135214366641_3462163057017356288_n-768x576.jpg 768w\" data-sizes=\"(max-width: 400px) 100vw, 400px\" src=\"data:image\/svg+xml;base64,PHN2ZyB3aWR0aD0iMSIgaGVpZ2h0PSIxIiB4bWxucz0iaHR0cDovL3d3dy53My5vcmcvMjAwMC9zdmciPjwvc3ZnPg==\" style=\"--smush-placeholder-width: 400px; --smush-placeholder-aspect-ratio: 400\/300;\" \/>&nbsp;<\/p>\n<p style=\"margin-top: 6px; margin-bottom: 0px; display: inline; font-family: Helvetica, Arial, sans-serif; color: #1d2129; font-size: 14px;\"><img decoding=\"async\" class=\"size-full wp-image-35945 lazyload\" data-src=\"https:\/\/alzira.es\/wp-content\/uploads\/2018\/11\/46391138_1957135037699992_131232790153789440_n.jpg\" alt=\"46391138 1957135037699992 131232790153789440 n\" width=\"400\" height=\"300\" data-srcset=\"https:\/\/alzira.es\/wp-content\/uploads\/2018\/11\/46391138_1957135037699992_131232790153789440_n.jpg 960w, https:\/\/alzira.es\/wp-content\/uploads\/2018\/11\/46391138_1957135037699992_131232790153789440_n-680x510.jpg 680w, https:\/\/alzira.es\/wp-content\/uploads\/2018\/11\/46391138_1957135037699992_131232790153789440_n-768x576.jpg 768w\" data-sizes=\"(max-width: 400px) 100vw, 400px\" src=\"data:image\/svg+xml;base64,PHN2ZyB3aWR0aD0iMSIgaGVpZ2h0PSIxIiB4bWxucz0iaHR0cDovL3d3dy53My5vcmcvMjAwMC9zdmciPjwvc3ZnPg==\" style=\"--smush-placeholder-width: 400px; --smush-placeholder-aspect-ratio: 400\/300;\" \/>&nbsp;<\/p>\n<p style=\"margin-top: 6px; margin-bottom: 0px; display: inline; font-family: Helvetica, Arial, sans-serif; color: #1d2129; font-size: 14px;\">&nbsp;<\/p>\n<p style=\"margin-top: 6px; margin-bottom: 0px; display: inline; font-family: Helvetica, Arial, sans-serif; color: #1d2129; font-size: 14px;\"><img decoding=\"async\" class=\"size-full wp-image-35947 lazyload\" data-src=\"https:\/\/alzira.es\/wp-content\/uploads\/2018\/11\/46514670_1957135337699962_4280162595270295552_n.jpg\" alt=\"46514670 1957135337699962 4280162595270295552 n\" width=\"400\" height=\"300\" data-srcset=\"https:\/\/alzira.es\/wp-content\/uploads\/2018\/11\/46514670_1957135337699962_4280162595270295552_n.jpg 960w, https:\/\/alzira.es\/wp-content\/uploads\/2018\/11\/46514670_1957135337699962_4280162595270295552_n-680x510.jpg 680w, https:\/\/alzira.es\/wp-content\/uploads\/2018\/11\/46514670_1957135337699962_4280162595270295552_n-768x576.jpg 768w\" data-sizes=\"(max-width: 400px) 100vw, 400px\" src=\"data:image\/svg+xml;base64,PHN2ZyB3aWR0aD0iMSIgaGVpZ2h0PSIxIiB4bWxucz0iaHR0cDovL3d3dy53My5vcmcvMjAwMC9zdmciPjwvc3ZnPg==\" style=\"--smush-placeholder-width: 400px; --smush-placeholder-aspect-ratio: 400\/300;\" \/><\/p>\n","protected":false},"excerpt":{"rendered":"<p>Alzira, 17 de novembre de 2018._ Continuen les tasques de neteja i evacuaci\u00f3 d\u2019aigua a les zones afectades per l\u2019episodi de pluges d\u2019ahir.&nbsp;Tot i que la situaci\u00f3 meteorol\u00f2gica est\u00e0 estable, s\u2019est\u00e0 vigilant mantenint-se el nivell d\u2019emerg\u00e8ncia. Els treballadors i treballadores dels serveis municipals, de la Generalitat Valenciana i de la Diputaci\u00f3 de Val\u00e8ncia continuaran treballant &hellip; <\/p>\n<p class=\"link-more\"><a href=\"https:\/\/alzira.es\/es\/continuen-les-tasques-de-neteja-a-alzira-3\/\" class=\"more-link\">Continuar leyendo<span class=\"screen-reader-text\"> \u00abContinuen les tasques de neteja a Alzira\u00bb<\/span><\/a><\/p>\n","protected":false},"author":36,"featured_media":35934,"comment_status":"","ping_status":"","sticky":false,"template":"","format":"standard","meta":{"_acf_changed":false,"footnotes":""},"categories":[],"tags":[],"class_list":["post-35952","post","type-post","status-publish","format-standard","has-post-thumbnail","hentry"],"acf":[],"_links":{"self":[{"href":"https:\/\/alzira.es\/es\/wp-json\/wp\/v2\/posts\/35952","targetHints":{"allow":["GET"]}}],"collection":[{"href":"https:\/\/alzira.es\/es\/wp-json\/wp\/v2\/posts"}],"about":[{"href":"https:\/\/alzira.es\/es\/wp-json\/wp\/v2\/types\/post"}],"author":[{"embeddable":true,"href":"https:\/\/alzira.es\/es\/wp-json\/wp\/v2\/users\/36"}],"replies":[{"embeddable":true,"href":"https:\/\/alzira.es\/es\/wp-json\/wp\/v2\/comments?post=35952"}],"version-history":[{"count":0,"href":"https:\/\/alzira.es\/es\/wp-json\/wp\/v2\/posts\/35952\/revisions"}],"wp:featuredmedia":[{"embeddable":true,"href":"https:\/\/alzira.es\/es\/wp-json\/wp\/v2\/media\/35934"}],"wp:attachment":[{"href":"https:\/\/alzira.es\/es\/wp-json\/wp\/v2\/media?parent=35952"}],"wp:term":[{"taxonomy":"category","embeddable":true,"href":"https:\/\/alzira.es\/es\/wp-json\/wp\/v2\/categories?post=35952"},{"taxonomy":"post_tag","embeddable":true,"href":"https:\/\/alzira.es\/es\/wp-json\/wp\/v2\/tags?post=35952"}],"curies":[{"name":"wp","href":"https:\/\/api.w.org\/{rel}","templated":true}]}}