{"id":35150,"date":"2018-10-29T12:02:31","date_gmt":"2018-10-29T11:02:31","guid":{"rendered":"https:\/\/alzira.es\/alzira-inicia-el-pla-d-arbratge-urbano\/"},"modified":"2018-10-29T12:02:31","modified_gmt":"2018-10-29T11:02:31","slug":"alzira-inicia-el-pla-d-arbratge-urbano","status":"publish","type":"post","link":"https:\/\/alzira.es\/es\/alzira-inicia-el-pla-d-arbratge-urbano\/","title":{"rendered":"Alzira inicia el Pla d\u2019Arbratge urbano"},"content":{"rendered":"<p style=\"text-align: justify;\"><strong>Alzira, 29 de octubre de 2018 &#8211;<\/strong> Desde la Concejal\u00eda de Gesti\u00f3n Urban\u00edstica junto con el Departamento de Zonas Verdes de la ciudad se ha iniciado el&nbsp;Pla d&#8217;Arbratge en las calles Virgen del Lluch, J. Paz y Doctor Ferran donde se plantar\u00e1n alrededor de 50 \u00e1rboles del tipo Alcalfor o Alcanforero. Un ejemplar de hoja perenne y de crecimiento r\u00e1pido.<\/p>\n<p style=\"text-align: justify;\">Las primeras actuaciones de este plan est\u00e1n realiz\u00e1ndose en la calle Verge del Lluch con la adaptaci\u00f3n de los alcorques para posteriormente pasar a la plantaci\u00f3n que incluye el riego por goteo, para facilitar las tareas y el ahorro de agua.<\/p>\n<p style=\"text-align: justify;\">Fernando Pascual, concejal del \u00e1rea responsable, ha declarado al respecto: \u00abPlantar \u00e1rboles en la ciudad es dar vida y color a nuestro entorno adem\u00e1s de colaborar en reducir el CO2. Tambi\u00e9n es una manera de contribuir al mantenimiento del medio ambiente y la biodiversidad en la ciudad. Los \u00e1rboles en las ciudades act\u00faan como un enorme filtro de la poluci\u00f3n, por lo que, desde nuestra Concejal\u00eda, apostamos por una Alzira m\u00e1s verde y menos gris\u00bb.<\/p>\n<p style=\"text-align: justify;\">El edil finaliza diciendo sobre el tema: \u00abEst\u00e1 claro que Alzira necesita m\u00e1s zonas verdes para combatir las part\u00edculas nocivas para la salud y, con esta iniciativa, perseguimos un doble objetivo: que estas calles est\u00e9n menos contaminadas y, al mismo tiempo, que se transforman en infraestructuras verdes en zonas estrat\u00e9gicas de la ciudad\u00bb.<\/p>\n<p style=\"text-align: center;\"><a href=\"https:\/\/alzira.es\/wp-content\/uploads\/2018\/10\/43629559_1163872450432087_3448595723480727552_o.jpg\" target=\"_blank\" rel=\"noopener\"><img fetchpriority=\"high\" decoding=\"async\" class=\" size-full wp-image-35146\" src=\"https:\/\/alzira.es\/wp-content\/uploads\/2018\/10\/43629559_1163872450432087_3448595723480727552_o.jpg\" alt=\"43629559 1163872450432087 3448595723480727552 o\" width=\"400\" height=\"533\" srcset=\"https:\/\/alzira.es\/wp-content\/uploads\/2018\/10\/43629559_1163872450432087_3448595723480727552_o.jpg 1200w, https:\/\/alzira.es\/wp-content\/uploads\/2018\/10\/43629559_1163872450432087_3448595723480727552_o-383x510.jpg 383w, https:\/\/alzira.es\/wp-content\/uploads\/2018\/10\/43629559_1163872450432087_3448595723480727552_o-804x1072.jpg 804w, https:\/\/alzira.es\/wp-content\/uploads\/2018\/10\/43629559_1163872450432087_3448595723480727552_o-768x1024.jpg 768w, https:\/\/alzira.es\/wp-content\/uploads\/2018\/10\/43629559_1163872450432087_3448595723480727552_o-1152x1536.jpg 1152w\" sizes=\"(max-width: 400px) 100vw, 400px\" \/><\/a>&nbsp;<a href=\"https:\/\/alzira.es\/wp-content\/uploads\/2018\/10\/44890249_1163872263765439_8634373166912765952_o.jpg\" target=\"_blank\" rel=\"noopener\"><img decoding=\"async\" class=\"size-full wp-image-35149 lazyload\" title=\"Alzira inicia el Pla d\u2019Arbratge urbano\" data-src=\"https:\/\/alzira.es\/wp-content\/uploads\/2018\/10\/44890249_1163872263765439_8634373166912765952_o.jpg\" alt=\"44890249 1163872263765439 8634373166912765952 o\" width=\"398\" height=\"533\" data-srcset=\"https:\/\/alzira.es\/wp-content\/uploads\/2018\/10\/44890249_1163872263765439_8634373166912765952_o.jpg 968w, https:\/\/alzira.es\/wp-content\/uploads\/2018\/10\/44890249_1163872263765439_8634373166912765952_o-381x510.jpg 381w, https:\/\/alzira.es\/wp-content\/uploads\/2018\/10\/44890249_1163872263765439_8634373166912765952_o-801x1072.jpg 801w, https:\/\/alzira.es\/wp-content\/uploads\/2018\/10\/44890249_1163872263765439_8634373166912765952_o-768x1028.jpg 768w\" data-sizes=\"(max-width: 398px) 100vw, 398px\" src=\"data:image\/svg+xml;base64,PHN2ZyB3aWR0aD0iMSIgaGVpZ2h0PSIxIiB4bWxucz0iaHR0cDovL3d3dy53My5vcmcvMjAwMC9zdmciPjwvc3ZnPg==\" style=\"--smush-placeholder-width: 398px; --smush-placeholder-aspect-ratio: 398\/533;\" \/><\/a><\/p>\n","protected":false},"excerpt":{"rendered":"<p>Alzira, 29 de octubre de 2018 &#8211; Desde la Concejal\u00eda de Gesti\u00f3n Urban\u00edstica junto con el Departamento de Zonas Verdes de la ciudad se ha iniciado el&nbsp;Pla d&#8217;Arbratge en las calles Virgen del Lluch, J. Paz y Doctor Ferran donde se plantar\u00e1n alrededor de 50 \u00e1rboles del tipo Alcalfor o Alcanforero. Un ejemplar de hoja &hellip; <\/p>\n<p class=\"link-more\"><a href=\"https:\/\/alzira.es\/es\/alzira-inicia-el-pla-d-arbratge-urbano\/\" class=\"more-link\">Continuar leyendo<span class=\"screen-reader-text\"> \u00abAlzira inicia el Pla d\u2019Arbratge urbano\u00bb<\/span><\/a><\/p>\n","protected":false},"author":12,"featured_media":35146,"comment_status":"","ping_status":"","sticky":false,"template":"","format":"standard","meta":{"_acf_changed":false,"footnotes":""},"categories":[1893],"tags":[],"class_list":["post-35150","post","type-post","status-publish","format-standard","has-post-thumbnail","hentry","category-hemeroteca"],"acf":[],"_links":{"self":[{"href":"https:\/\/alzira.es\/es\/wp-json\/wp\/v2\/posts\/35150","targetHints":{"allow":["GET"]}}],"collection":[{"href":"https:\/\/alzira.es\/es\/wp-json\/wp\/v2\/posts"}],"about":[{"href":"https:\/\/alzira.es\/es\/wp-json\/wp\/v2\/types\/post"}],"author":[{"embeddable":true,"href":"https:\/\/alzira.es\/es\/wp-json\/wp\/v2\/users\/12"}],"replies":[{"embeddable":true,"href":"https:\/\/alzira.es\/es\/wp-json\/wp\/v2\/comments?post=35150"}],"version-history":[{"count":0,"href":"https:\/\/alzira.es\/es\/wp-json\/wp\/v2\/posts\/35150\/revisions"}],"wp:featuredmedia":[{"embeddable":true,"href":"https:\/\/alzira.es\/es\/wp-json\/wp\/v2\/media\/35146"}],"wp:attachment":[{"href":"https:\/\/alzira.es\/es\/wp-json\/wp\/v2\/media?parent=35150"}],"wp:term":[{"taxonomy":"category","embeddable":true,"href":"https:\/\/alzira.es\/es\/wp-json\/wp\/v2\/categories?post=35150"},{"taxonomy":"post_tag","embeddable":true,"href":"https:\/\/alzira.es\/es\/wp-json\/wp\/v2\/tags?post=35150"}],"curies":[{"name":"wp","href":"https:\/\/api.w.org\/{rel}","templated":true}]}}