{"id":35096,"date":"2018-10-25T09:02:44","date_gmt":"2018-10-25T07:02:44","guid":{"rendered":"https:\/\/alzira.es\/les-campanyes-d-aparadors-i-menus-literaris-protagonitzen-el-30-aniversari-dels-premis-literaris-ciutat-d-alzira\/"},"modified":"2018-10-25T09:02:44","modified_gmt":"2018-10-25T07:02:44","slug":"les-campanyes-d-aparadors-i-menus-literaris-protagonitzen-el-30-aniversari-dels-premis-literaris-ciutat-d-alzira","status":"publish","type":"post","link":"https:\/\/alzira.es\/es\/les-campanyes-d-aparadors-i-menus-literaris-protagonitzen-el-30-aniversari-dels-premis-literaris-ciutat-d-alzira\/","title":{"rendered":"Les campanyes d\u2019aparadors i men\u00fas literaris protagonitzen el 30 aniversari dels Premis Literaris Ciutat d\u2019Alzira"},"content":{"rendered":"<p style=\"text-align: justify;\"><strong><a href=\"https:\/\/alzira.es\/wp-content\/uploads\/2018\/10\/Aparadors_i_menus_literaris.jpg\" target=\"_blank\" rel=\"noopener\"><img fetchpriority=\"high\" decoding=\"async\" class=\" alignleft size-full wp-image-35089\" style=\"margin-right: 10px; float: left;\" title=\"Les campanyes d\u2019aparadors i men\u00fas literaris protagonitzen el 30 aniversari dels Premis Literaris Ciutat d\u2019Alzira\" src=\"https:\/\/alzira.es\/wp-content\/uploads\/2018\/10\/Aparadors_i_menus_literaris.jpg\" alt=\"Aparadors i men\u00fas literaris\" width=\"600\" height=\"400\" \/><\/a>Els hostalers i els comer\u00e7os d&#8217;Alzira participen d&#8217;aquesta manera en la celebraci\u00f3 de l&#8217;efem\u00e8ride<br \/><\/strong><\/p>\n<p style=\"text-align: justify;\">Aquest dimecres, 24 d&#8217;octubre, el restaurant Cam\u00ed Vell ha acollit la roda de premsa en qu\u00e8 Edicions Bromera i l&#8217;Ajuntament d&#8217;Alzira han presentat les dues campanyes que protagonitzen la celebraci\u00f3 del <strong>30 aniversari dels Premis Literaris Ciutat d&#8217;Alzira<\/strong> amb la col\u2022laboraci\u00f3 dels hostalers i els comer\u00e7os del municipi. L&#8217;acte ha comptat amb la participaci\u00f3 de <strong>Josep Gregori<\/strong>, editor de Bromera; <strong>Diego G\u00f3mez<\/strong>, alcalde d&#8217;Alzira; <strong>Aida Ginestar<\/strong>, regidora de Cultura i Esports; i <strong>Toni L\u00f3pez i Marisa Mart\u00ednez<\/strong>, representants dels hostalers i dels comerciants, respectivament, a l&#8217;Associaci\u00f3 Empresarial d&#8217;Alzira.<\/p>\n<p style=\"text-align: justify;\">Per a commemorar aquesta efem\u00e8ride, enguany s&#8217;han programat una s\u00e8rie d&#8217;<strong>activitats especials<\/strong> per tal d&#8217;acostar la fita als alzirenys i alzirenyes. Aix\u00ed, el certamen aposta per <strong>obrir la celebraci\u00f3 a p\u00fablics molt diferents<\/strong>.<\/p>\n<p style=\"text-align: justify;\">Entre les iniciatives per a celebrar els 30 anys de vida dels PLCA, cal destacar aquestes dues campanyes que incorporen la <strong>participaci\u00f3 dels hostalers i els comer\u00e7os d&#8217;Alzira<\/strong>. D&#8217;una banda, la campanya \u00ab<strong>Aparadors literaris<\/strong>\u00bb \u0336 integrada per m\u00e9s de quaranta establiments \u0336 ens proposa una ruta liter\u00e0ria d&#8217;aparadors que repassen les novel\u2022les guanyadores del Ciutat d&#8217;Alzira. A m\u00e9s a m\u00e9s, aquests locals disposaran de bosses de tela amb un disseny especial lligat al foment dels llibres per a obsequiar els clients.<\/p>\n<p style=\"text-align: justify;\">De l&#8217;altra, cinc restaurants alzirenys posaran a disposici\u00f3 dels comensals un <strong>men\u00fa literari<\/strong> amb plats que juguen amb els t\u00edtols de les novel\u2022les guardonades aquests anys. Els clients que tasten un d&#8217;aquests men\u00fas s&#8217;emportaran un llibre, obsequi de la Fundaci\u00f3 Bromera per al Foment de la Lectura.<\/p>\n<p style=\"text-align: justify;\"><strong>Josep Gregori, editor de Bromera<\/strong>, ha volgut destacar el paper d&#8217;aquest tipus d&#8217;activitats per a crear ambient i expectaci\u00f3 de cara als Premis Literaris Ciutat d&#8217;Alzira: \u00ab<strong>Aquestes campanyes s\u00f3n un pas m\u00e9s per a donar a con\u00e9ixer la nostra literatura a tot el m\u00f3n<\/strong>. No podem oblidar que <strong>Alzira \u00e9s una capital liter\u00e0ria de primer ordre<\/strong>, ja que anualment convoca els premis literaris m\u00e9s importants del nostre territori, tant pel que fa a l&#8217;import dels premis com pel que fa a la varietat de modalitats que es convoquen i el nombre d&#8217;originals presentats\u00bb.<\/p>\n<p style=\"text-align: justify;\">Per la seua banda, <strong>Diego G\u00f3mez, alcalde d&#8217;Alzira<\/strong>, ha explicat que ambdues campanyes \u00abestan <strong>pensades per a traure la cultura al carrer, a les botigues i als restaurants<\/strong>, i potenciar aix\u00ed la participaci\u00f3 de la ciutadania en la vida cultural alzirenya i en el certamen\u00bb. <strong>Aida Ginestar, regidora de Cultura i Esports<\/strong>, ha remarcat la import\u00e0ncia de la connectivitat d&#8217;aquests actes amb la gent: \u00abTraslladar aquestes activitats al carrer, a espais propers, no nom\u00e9s atrau l&#8217;atenci\u00f3 dels alzirenys i alzirenyes, sin\u00f3 que tamb\u00e9 suposa una experi\u00e8ncia \u00fanica i una manera immillorable de celebrar el 30 aniversari d&#8217;aquests premis. <strong>L&#8217;objectiu \u00e9s fer part\u00edcip a tothom d&#8217;aquesta fita<\/strong>\u00bb. D&#8217;aquesta manera, des del consistori s&#8217;espera que aquestes campanyes ajuden a revitalitzar el teixit comercial d&#8217;Alzira i reforcen la idea que els PLCA \u00abs\u00f3n de tots i totes\u00bb.<\/p>\n<p style=\"text-align: justify;\">Per \u00faltim, <strong>Toni L\u00f3pez, representant dels hostalers a l&#8217;Associaci\u00f3 Empresarial d&#8217;Alzira<\/strong>, ha afegit que \u00abels \u00abMen\u00fas literaris\u00bb s\u00f3n <strong>una forma excel\u2022lent de posar en valor la nostra cuina i els nostres productes<\/strong>\u00bb. Aix\u00ed, el cuiner alzireny fa una valoraci\u00f3 molt positiva de la iniciativa i espera que aquesta tinga continu\u00eftat de cara a properes edicions del certamen.<\/p>\n<p style=\"text-align: justify;\">Ambdues campanyes, emmarcades en les jornades culturals al voltant dels PLCA, estaran en funcionament fins al 8 de novembre.<\/p>\n<p style=\"text-align: justify;\"><span style=\"text-decoration: underline;\"><strong>JORNADES CULTURALS<\/strong><\/span><\/p>\n<p style=\"text-align: justify;\">Cal recordar que les jornades han arrancat aquest dimarts 23 d&#8217;octubre amb la inauguraci\u00f3 del programa d&#8217;activitats i amb la celebraci\u00f3 de la <strong>taula redona \u00abLes ciutats fan cultura\u00bb<\/strong>, en la qual la regidora de Carcaixent <strong>Desir\u00e9e Palma<\/strong>, l&#8217;alcalde d&#8217;Alzira <strong>Diego G\u00f3mez<\/strong> i el regidor de Benicarl\u00f3 <strong>Josep Barber\u00e0<\/strong> reflexionaren sobre el paper dels municipis com a motor de la cultura local i sobre els reptes de futur que han d&#8217;afrontar els consistoris per a seguir amb aquesta tasca.<br \/>Les activitats continuaran aquesta mateixa vesprada amb un <strong>taller infantil sobre l&#8217;obra Un mocador de pirata, de Ximo Cerd\u00e0, Premi Vicent Silvestre 2017<\/strong>. En aquesta divertida activitat, els xiquets i xiquetes podran estampar el seu propi mocador de pirata i gaudir d&#8217;una sessi\u00f3 de contacontes sobre aquesta novel\u2022la que aborda amb humor un tema tan delicat com el del c\u00e0ncer. L&#8217;acte, a m\u00e9s a m\u00e9s, compta amb la col\u2022laboraci\u00f3 d&#8217;ASPANION.<\/p>\n<p style=\"text-align: justify;\">D&#8217;altra banda, el dijous <strong>25 d&#8217;octubre, a les 19.30 h, s&#8217;inaugurar\u00e0 l&#8217;exposici\u00f3<\/strong> commemorativa de la 30a edici\u00f3 dels Premis Literaris Ciutat d&#8217;Alzira: \u00ab<strong>30 anys de premis<\/strong>\u00bb. Seguidament tindr\u00e0 lloc un <strong>joc de Trivial<\/strong> sobre els \u00faltims 30 anys a c\u00e0rrec de l&#8217;escriptor <strong>Joanjo Garcia<\/strong>.<\/p>\n<p style=\"text-align: justify;\">A m\u00e9s a m\u00e9s, el divendres <strong>26 d&#8217;octubre, a les 19 h<\/strong>, es <strong>projectar\u00e0 l&#8217;adaptaci\u00f3 cinematogr\u00e0fica de M&#8217;esperar\u00e0s?, de Carles Alberola<\/strong>, text que va estar guardonat amb el Premi de Teatre Palanca i Roca 2013. L&#8217;acte, en el qual participaran tant l&#8217;autor com diversos membres de l&#8217;equip de producci\u00f3 de la pel\u2022l\u00edcula, comptar\u00e0 amb una segona sessi\u00f3 a les <strong>22 h<\/strong>. Aquesta activitat ha estat organitzada amb la col\u2022laboraci\u00f3 d&#8217;Albena Teatre i del Club Cinema Alzira.<br \/>Les jornades es tancaran amb dues accions culturals m\u00e9s. D&#8217;una banda, el dimarts <strong>6 de novembre, a les 19 h, Xavier Duran<\/strong> \u0336 guanyador del Premi Europeu de Divulgaci\u00f3 Cient\u00edfica Estudi General 2017 amb L&#8217;imperi de les dades. El &#8216;big data&#8217;: oportunitats i amenaces \u0336 oferir\u00e0 el seu punt de vista sobre privacitat i xarxes socials a la xarrada titulada <strong>\u00abQu\u00e8 saben de tu les xarxes socials? Com protegir la nostra privacitat en un m\u00f3n hiperconnectat?\u00bb<\/strong>.<\/p>\n<p style=\"text-align: justify;\">De l&#8217;altra, la taula redona <strong>\u00abLa revoluci\u00f3 de les dones en la m\u00fasica\u00bb<\/strong>, a c\u00e0rrec de les cantants <strong>Aitana Ferrer, Vera Carrisal<\/strong> (Mafalda), <strong>Mireia Vives i Flora Sempere<\/strong> (El Diluvi) i de la productora musical <strong>Carme Laguarda<\/strong>, posar\u00e0 el punt final a les activitats al voltant dels PLCA el <strong>dijous 8 de novembre<\/strong> amb una reflexi\u00f3 sobre l&#8217;evoluci\u00f3 del panorama musical valenci\u00e0 en les \u00faltimes d\u00e8cades.<\/p>\n<p style=\"text-align: justify;\"><span style=\"text-decoration: underline;\"><strong>LLIURAMENT DELS PREMIS<\/strong><\/span><\/p>\n<p style=\"text-align: justify;\">El dia <strong>9 de novembre es lliuraran els premis<\/strong> del 2018, durant el transcurs del tradicional sopar literari, que tindr\u00e0 lloc a la sala Rex Natura. No obstant aix\u00f2, el veredicte del premi de teatre es far\u00e0 p\u00fablic el <strong>26 d&#8217;octubre<\/strong>, mentre que el <strong>2 de novembre<\/strong> es donaran a con\u00e9ixer els veredictes de les modalitats infantil, juvenil i d&#8217;\u00e0lbum il\u2022lustrat.<\/p>\n<p style=\"text-align: justify;\">Podeu descarregar <a href=\"https:\/\/alzira.es\/wp-content\/uploads\/2018\/10\/jornades_PLCA-2018.pdf\" target=\"_blank\" rel=\"noopener\"><strong>ac\u00ed<\/strong><\/a>&nbsp;el programa d&#8217;actes de les Jornades Culturals al voltant dels Premis Literaris Ciutat d&#8217;Alzira 2018.<\/p>\n<p>Si vols m\u00e9s informaci\u00f3, pots posar-te en contacte amb el departament de comunicaci\u00f3 de l&#8217;Ajuntament d&#8217;Alzira (tel. 627 739 519 &#8211; Elsa Esplugues) o amb el d&#8217;Edicions Bromera (tel. 962 459 705 \/ 661 936 247 &#8211; Marta Estrelles).<\/p>\n<p style=\"text-align: justify;\"><strong><a href=\"https:\/\/alzira.es\/wp-content\/uploads\/2018\/10\/Menus-literaris_2018_Attic.pdf\" target=\"_blank\" rel=\"noopener\">Men\u00fas literaris<\/a>&nbsp; <a href=\"https:\/\/alzira.es\/wp-content\/uploads\/2018\/10\/Menus-literaris_2018_Attic.pdf\" target=\"_blank\" rel=\"noopener\">2018: Attic<\/a><\/strong><\/p>\n<p style=\"text-align: justify;\"><strong style=\"font-size: 14.4px;\"><span style=\"font-size: 14.4px; text-align: justify;\"><span><\/span><a href=\"https:\/\/alzira.es\/wp-content\/uploads\/2018\/10\/Menus-literaris_2018_Cami-Vell.pdf\" target=\"_blank\" rel=\"noopener\">Men\u00fas literaris<\/a>&nbsp; <a href=\"https:\/\/alzira.es\/wp-content\/uploads\/2018\/10\/Menus-literaris_2018_Cami-Vell.pdf\" target=\"_blank\" rel=\"noopener\">2018: Cam\u00ed Vell<\/a><\/span><\/strong><\/p>\n<p style=\"text-align: justify;\"><strong><span style=\"font-size: 14.4px; text-align: justify;\"><span style=\"font-size: 14.4px; text-align: justify;\"><a href=\"https:\/\/alzira.es\/wp-content\/uploads\/2018\/10\/Menus-literaris_2018_Casa-Blava.pdf\" target=\"_blank\" rel=\"noopener\">Men\u00fas literaris<\/a>&nbsp; <a href=\"https:\/\/alzira.es\/wp-content\/uploads\/2018\/10\/Menus-literaris_2018_Casa-Blava.pdf\" target=\"_blank\" rel=\"noopener\">2018: Casa Blava<\/a><\/span><\/span><\/strong><\/p>\n<p style=\"text-align: justify;\"><strong><span style=\"font-size: 14.4px; text-align: justify;\"><span style=\"font-size: 14.4px; text-align: justify;\"><span style=\"font-size: 14.4px; text-align: justify;\"><a href=\"https:\/\/alzira.es\/wp-content\/uploads\/2018\/10\/Menus-literaris_2018_El-Caramelito.pdf\" target=\"_blank\" rel=\"noopener\">Men\u00fas literaris<\/a>&nbsp; <a href=\"https:\/\/alzira.es\/wp-content\/uploads\/2018\/10\/Menus-literaris_2018_El-Caramelito.pdf\" target=\"_blank\" rel=\"noopener\">2018: El Caramelito<\/a><\/span><\/span><\/span><\/strong><\/p>\n<p style=\"text-align: justify;\"><strong><span style=\"font-size: 14.4px; text-align: justify;\"><span style=\"font-size: 14.4px; text-align: justify;\"><span style=\"font-size: 14.4px; text-align: justify;\"><span style=\"font-size: 14.4px; text-align: justify;\"><a href=\"https:\/\/alzira.es\/wp-content\/uploads\/2018\/10\/Menus-literaris_2018_Tasca_All-Negre.pdf\" target=\"_blank\" rel=\"noopener\">Men\u00fas literaris<\/a>&nbsp; <a href=\"https:\/\/alzira.es\/wp-content\/uploads\/2018\/10\/Menus-literaris_2018_Tasca_All-Negre.pdf\" target=\"_blank\" rel=\"noopener\">2018: Tasca All-Negre<\/a><\/span><\/span><\/span><\/span><\/strong><\/p>\n<p style=\"text-align: justify;\">&nbsp;<\/p>\n","protected":false},"excerpt":{"rendered":"<p>Els hostalers i els comer\u00e7os d&#8217;Alzira participen d&#8217;aquesta manera en la celebraci\u00f3 de l&#8217;efem\u00e8ride Aquest dimecres, 24 d&#8217;octubre, el restaurant Cam\u00ed Vell ha acollit la roda de premsa en qu\u00e8 Edicions Bromera i l&#8217;Ajuntament d&#8217;Alzira han presentat les dues campanyes que protagonitzen la celebraci\u00f3 del 30 aniversari dels Premis Literaris Ciutat d&#8217;Alzira amb la col\u2022laboraci\u00f3 &hellip; <\/p>\n<p class=\"link-more\"><a href=\"https:\/\/alzira.es\/es\/les-campanyes-d-aparadors-i-menus-literaris-protagonitzen-el-30-aniversari-dels-premis-literaris-ciutat-d-alzira\/\" class=\"more-link\">Continuar leyendo<span class=\"screen-reader-text\"> \u00abLes campanyes d\u2019aparadors i men\u00fas literaris protagonitzen el 30 aniversari dels Premis Literaris Ciutat d\u2019Alzira\u00bb<\/span><\/a><\/p>\n","protected":false},"author":12,"featured_media":35089,"comment_status":"","ping_status":"","sticky":false,"template":"","format":"standard","meta":{"_acf_changed":false,"footnotes":""},"categories":[],"tags":[],"class_list":["post-35096","post","type-post","status-publish","format-standard","has-post-thumbnail","hentry"],"acf":[],"_links":{"self":[{"href":"https:\/\/alzira.es\/es\/wp-json\/wp\/v2\/posts\/35096","targetHints":{"allow":["GET"]}}],"collection":[{"href":"https:\/\/alzira.es\/es\/wp-json\/wp\/v2\/posts"}],"about":[{"href":"https:\/\/alzira.es\/es\/wp-json\/wp\/v2\/types\/post"}],"author":[{"embeddable":true,"href":"https:\/\/alzira.es\/es\/wp-json\/wp\/v2\/users\/12"}],"replies":[{"embeddable":true,"href":"https:\/\/alzira.es\/es\/wp-json\/wp\/v2\/comments?post=35096"}],"version-history":[{"count":0,"href":"https:\/\/alzira.es\/es\/wp-json\/wp\/v2\/posts\/35096\/revisions"}],"wp:featuredmedia":[{"embeddable":true,"href":"https:\/\/alzira.es\/es\/wp-json\/wp\/v2\/media\/35089"}],"wp:attachment":[{"href":"https:\/\/alzira.es\/es\/wp-json\/wp\/v2\/media?parent=35096"}],"wp:term":[{"taxonomy":"category","embeddable":true,"href":"https:\/\/alzira.es\/es\/wp-json\/wp\/v2\/categories?post=35096"},{"taxonomy":"post_tag","embeddable":true,"href":"https:\/\/alzira.es\/es\/wp-json\/wp\/v2\/tags?post=35096"}],"curies":[{"name":"wp","href":"https:\/\/api.w.org\/{rel}","templated":true}]}}