{"id":35026,"date":"2018-10-23T12:06:25","date_gmt":"2018-10-23T10:06:25","guid":{"rendered":"https:\/\/alzira.es\/l-ajuntament-d-alzira-realitzara-un-nou-espai-per-a-mascotes-al-parc-de-l-alquenencia-2\/"},"modified":"2018-10-23T12:06:25","modified_gmt":"2018-10-23T10:06:25","slug":"l-ajuntament-d-alzira-realitzara-un-nou-espai-per-a-mascotes-al-parc-de-l-alquenencia-2","status":"publish","type":"post","link":"https:\/\/alzira.es\/es\/l-ajuntament-d-alzira-realitzara-un-nou-espai-per-a-mascotes-al-parc-de-l-alquenencia-2\/","title":{"rendered":"S\u2019inicien les obres del nou espai per a mascotes al parc de l\u2019Alquen\u00e8ncia"},"content":{"rendered":"<p style=\"text-align: justify;\"><strong>Alzira, 23 d&#8217;octubre de 2018\u2013<\/strong> Com ja va anunciar la Regidoria de Gesti\u00f3 Urban\u00edstica, el parc de l&#8217;Alquen\u00e8ncia albergar\u00e0 un nou espai per a mascotes.<\/p>\n<p style=\"text-align: justify;\">Es tracta d&#8217;un projecte que ha estat elaborat pel personal del Departament de Parcs i Jardins de l&#8217;Ajuntament d&#8217;Alzira amb la intenci\u00f3 que les mascotes disfruten d&#8217;un espai amb jocs i una \u00e0mplia zona d&#8217;espargiment per\u00f2, tamb\u00e9, perqu\u00e8 els propietaris puguen compartir espai i temps amb els seus gossos en una zona delimitada i condicionada per a tots ells.<\/p>\n<p style=\"text-align: justify;\">En esta zona d&#8217;oci per a mascotes, hi haur\u00e0 un espai amb gespa, jocs, taules i seients per als usuaris i tamb\u00e9 s&#8217;instal\u2022lar\u00e0 una font per als animalets que visiten l&#8217;espai.<\/p>\n<p style=\"text-align: justify;\">Tant la zona de mascotes com la resta del parc tindran la senyalitzaci\u00f3 adequada per tal que el ve\u00efnat, grans i menuts, disfruten del parc de l&#8217;Alquen\u00e8ncia de manera agradable. Cal recordar que este parc \u00e9s el pulm\u00f3 verd d&#8217;Alzira i amb este projecte es millora la pres\u00e8ncia o la conviv\u00e8ncia al parc per a tots els usuaris.<\/p>\n<p style=\"text-align: justify;\">Fernando Pascual, regidor de l&#8217;\u00e0rea responsable, ha assegurat al respecte: \u00abEstem segurs que este nou espai per a mascotes agradar\u00e0 al p\u00fablic i als seus animalets de companyia, perqu\u00e8 s&#8217;ha elaborat pensant en tots: en el ve\u00efnat, en els usuaris i en les mascotes, les quals tindran una zona amb elements, jocs i un entorn d&#8217;acord amb les seues necessitats. \u00c9s important tamb\u00e9 que tots prenguem consci\u00e8ncia dels nostres espais, respectem les normatives i, sobretot, cuidem dels nostres i del nostre entorn, que al cap i a la fi \u00e9s de tots els ciutadans\u00bb.<\/p>\n<p style=\"text-align: center;\"><a href=\"https:\/\/alzira.es\/wp-content\/uploads\/2018\/10\/44597618_1161617913990874_3192862500114661376_o.jpg\" target=\"_blank\" rel=\"noopener\"><img fetchpriority=\"high\" decoding=\"async\" class=\" size-full wp-image-35018\" title=\"S\u2019inicien les obres del nou espai per a mascotes al parc de l\u2019Alquen\u00e8ncia\" src=\"https:\/\/alzira.es\/wp-content\/uploads\/2018\/10\/44597618_1161617913990874_3192862500114661376_o.jpg\" alt=\"44597618 1161617913990874 3192862500114661376 o\" width=\"400\" height=\"300\" srcset=\"https:\/\/alzira.es\/wp-content\/uploads\/2018\/10\/44597618_1161617913990874_3192862500114661376_o.jpg 2016w, https:\/\/alzira.es\/wp-content\/uploads\/2018\/10\/44597618_1161617913990874_3192862500114661376_o-680x510.jpg 680w, https:\/\/alzira.es\/wp-content\/uploads\/2018\/10\/44597618_1161617913990874_3192862500114661376_o-1430x1072.jpg 1430w, https:\/\/alzira.es\/wp-content\/uploads\/2018\/10\/44597618_1161617913990874_3192862500114661376_o-768x576.jpg 768w, https:\/\/alzira.es\/wp-content\/uploads\/2018\/10\/44597618_1161617913990874_3192862500114661376_o-1536x1152.jpg 1536w\" sizes=\"(max-width: 400px) 100vw, 400px\" \/><\/a>&nbsp;<a href=\"https:\/\/alzira.es\/wp-content\/uploads\/2018\/10\/44598596_1161617900657542_6801437650768101376_o.jpg\" target=\"_blank\" rel=\"noopener\"><img decoding=\"async\" class=\"size-full wp-image-35021 lazyload\" title=\"S\u2019inicien les obres del nou espai per a mascotes al parc de l\u2019Alquen\u00e8ncia\" data-src=\"https:\/\/alzira.es\/wp-content\/uploads\/2018\/10\/44598596_1161617900657542_6801437650768101376_o.jpg\" alt=\"44598596 1161617900657542 6801437650768101376 o\" width=\"400\" height=\"300\" data-srcset=\"https:\/\/alzira.es\/wp-content\/uploads\/2018\/10\/44598596_1161617900657542_6801437650768101376_o.jpg 2016w, https:\/\/alzira.es\/wp-content\/uploads\/2018\/10\/44598596_1161617900657542_6801437650768101376_o-680x510.jpg 680w, https:\/\/alzira.es\/wp-content\/uploads\/2018\/10\/44598596_1161617900657542_6801437650768101376_o-1430x1072.jpg 1430w, https:\/\/alzira.es\/wp-content\/uploads\/2018\/10\/44598596_1161617900657542_6801437650768101376_o-768x576.jpg 768w, https:\/\/alzira.es\/wp-content\/uploads\/2018\/10\/44598596_1161617900657542_6801437650768101376_o-1536x1152.jpg 1536w\" data-sizes=\"(max-width: 400px) 100vw, 400px\" src=\"data:image\/svg+xml;base64,PHN2ZyB3aWR0aD0iMSIgaGVpZ2h0PSIxIiB4bWxucz0iaHR0cDovL3d3dy53My5vcmcvMjAwMC9zdmciPjwvc3ZnPg==\" style=\"--smush-placeholder-width: 400px; --smush-placeholder-aspect-ratio: 400\/300;\" \/><\/a><\/p>\n","protected":false},"excerpt":{"rendered":"<p>Alzira, 23 d&#8217;octubre de 2018\u2013 Com ja va anunciar la Regidoria de Gesti\u00f3 Urban\u00edstica, el parc de l&#8217;Alquen\u00e8ncia albergar\u00e0 un nou espai per a mascotes. Es tracta d&#8217;un projecte que ha estat elaborat pel personal del Departament de Parcs i Jardins de l&#8217;Ajuntament d&#8217;Alzira amb la intenci\u00f3 que les mascotes disfruten d&#8217;un espai amb jocs &hellip; <\/p>\n<p class=\"link-more\"><a href=\"https:\/\/alzira.es\/es\/l-ajuntament-d-alzira-realitzara-un-nou-espai-per-a-mascotes-al-parc-de-l-alquenencia-2\/\" class=\"more-link\">Continuar leyendo<span class=\"screen-reader-text\"> \u00abS\u2019inicien les obres del nou espai per a mascotes al parc de l\u2019Alquen\u00e8ncia\u00bb<\/span><\/a><\/p>\n","protected":false},"author":12,"featured_media":35018,"comment_status":"","ping_status":"","sticky":false,"template":"","format":"standard","meta":{"_acf_changed":false,"footnotes":""},"categories":[],"tags":[],"class_list":["post-35026","post","type-post","status-publish","format-standard","has-post-thumbnail","hentry"],"acf":[],"_links":{"self":[{"href":"https:\/\/alzira.es\/es\/wp-json\/wp\/v2\/posts\/35026","targetHints":{"allow":["GET"]}}],"collection":[{"href":"https:\/\/alzira.es\/es\/wp-json\/wp\/v2\/posts"}],"about":[{"href":"https:\/\/alzira.es\/es\/wp-json\/wp\/v2\/types\/post"}],"author":[{"embeddable":true,"href":"https:\/\/alzira.es\/es\/wp-json\/wp\/v2\/users\/12"}],"replies":[{"embeddable":true,"href":"https:\/\/alzira.es\/es\/wp-json\/wp\/v2\/comments?post=35026"}],"version-history":[{"count":0,"href":"https:\/\/alzira.es\/es\/wp-json\/wp\/v2\/posts\/35026\/revisions"}],"wp:featuredmedia":[{"embeddable":true,"href":"https:\/\/alzira.es\/es\/wp-json\/wp\/v2\/media\/35018"}],"wp:attachment":[{"href":"https:\/\/alzira.es\/es\/wp-json\/wp\/v2\/media?parent=35026"}],"wp:term":[{"taxonomy":"category","embeddable":true,"href":"https:\/\/alzira.es\/es\/wp-json\/wp\/v2\/categories?post=35026"},{"taxonomy":"post_tag","embeddable":true,"href":"https:\/\/alzira.es\/es\/wp-json\/wp\/v2\/tags?post=35026"}],"curies":[{"name":"wp","href":"https:\/\/api.w.org\/{rel}","templated":true}]}}