{"id":34803,"date":"2018-10-20T09:00:00","date_gmt":"2018-10-20T07:00:00","guid":{"rendered":"https:\/\/alzira.es\/visita-a-la-bastida-de-les-alcusses-de-moixent-i-al-castell-de-montesa\/"},"modified":"2018-10-20T09:00:00","modified_gmt":"2018-10-20T07:00:00","slug":"visita-a-la-bastida-de-les-alcusses-de-moixent-i-al-castell-de-montesa","status":"publish","type":"post","link":"https:\/\/alzira.es\/es\/visita-a-la-bastida-de-les-alcusses-de-moixent-i-al-castell-de-montesa\/","title":{"rendered":"Premis Literaris 2018: Visita a la Bastida de les Alcusses de Moixent i al castell de Montesa"},"content":{"rendered":"<p>Dissabte 20 d&#8217;octubre a les 9.00 h, eixida en autob\u00fas des de la Pla\u00e7a del Regne d&#8217;Alzira. Tornada prevista cap a les 18.15 h<\/p>\n<p style=\"text-align: center;\"><a href=\"https:\/\/alzira.es\/wp-content\/uploads\/2018\/10\/13.PNG\" target=\"_blank\" rel=\"noopener\"><img fetchpriority=\"high\" decoding=\"async\" width=\"288\" height=\"385\" class=\" size-full wp-image-34646\" title=\"Visita a la Bastida de les Alcusses de Moixent i al castell de Montesa\" src=\"https:\/\/alzira.es\/wp-content\/uploads\/2018\/10\/13.PNG\" alt=\"13\" \/><\/a><\/p>\n<p style=\"text-align: center;\">&nbsp;<\/p>\n<p style=\"text-align: justify;\">Preu: 20 \u20ac (inclou autob\u00fas, visites guiades i dinar)<\/p>\n<p style=\"text-align: justify;\">Informaci\u00f3 i venda de tiquets: Museu Municipal d&#8217;Alzira (MUMA), carrer Sant Roc, 16, i Tourist Info Alzira (pla\u00e7a del Regne, s\/n)<\/p>\n<p style=\"text-align: justify;\">&#8211; De dimecres a dissabte, de 10 a 14 y de 17 a 20 h.<\/p>\n<p style=\"text-align: justify;\">&#8211; Dimarts, de 10.30 a 14 i de 17 a 20 h.<\/p>\n<p style=\"text-align: justify;\">&#8211; Diumenge, d&#8217;11 a 14 h.&nbsp;<\/p>\n<p style=\"text-align: justify;\">&nbsp;<\/p>\n","protected":false},"excerpt":{"rendered":"<p>Dissabte 20 d&#8217;octubre a les 9.00 h, eixida en autob\u00fas des de la Pla\u00e7a del Regne d&#8217;Alzira. Tornada prevista cap a les 18.15 h &nbsp; Preu: 20 \u20ac (inclou autob\u00fas, visites guiades i dinar) Informaci\u00f3 i venda de tiquets: Museu Municipal d&#8217;Alzira (MUMA), carrer Sant Roc, 16, i Tourist Info Alzira (pla\u00e7a del Regne, s\/n) &hellip; <\/p>\n<p class=\"link-more\"><a href=\"https:\/\/alzira.es\/es\/visita-a-la-bastida-de-les-alcusses-de-moixent-i-al-castell-de-montesa\/\" class=\"more-link\">Continuar leyendo<span class=\"screen-reader-text\"> \u00abPremis Literaris 2018: Visita a la Bastida de les Alcusses de Moixent i al castell de Montesa\u00bb<\/span><\/a><\/p>\n","protected":false},"author":12,"featured_media":34646,"comment_status":"","ping_status":"","sticky":false,"template":"","format":"standard","meta":{"_acf_changed":false,"footnotes":""},"categories":[],"tags":[],"class_list":["post-34803","post","type-post","status-publish","format-standard","has-post-thumbnail","hentry"],"acf":[],"_links":{"self":[{"href":"https:\/\/alzira.es\/es\/wp-json\/wp\/v2\/posts\/34803","targetHints":{"allow":["GET"]}}],"collection":[{"href":"https:\/\/alzira.es\/es\/wp-json\/wp\/v2\/posts"}],"about":[{"href":"https:\/\/alzira.es\/es\/wp-json\/wp\/v2\/types\/post"}],"author":[{"embeddable":true,"href":"https:\/\/alzira.es\/es\/wp-json\/wp\/v2\/users\/12"}],"replies":[{"embeddable":true,"href":"https:\/\/alzira.es\/es\/wp-json\/wp\/v2\/comments?post=34803"}],"version-history":[{"count":0,"href":"https:\/\/alzira.es\/es\/wp-json\/wp\/v2\/posts\/34803\/revisions"}],"wp:featuredmedia":[{"embeddable":true,"href":"https:\/\/alzira.es\/es\/wp-json\/wp\/v2\/media\/34646"}],"wp:attachment":[{"href":"https:\/\/alzira.es\/es\/wp-json\/wp\/v2\/media?parent=34803"}],"wp:term":[{"taxonomy":"category","embeddable":true,"href":"https:\/\/alzira.es\/es\/wp-json\/wp\/v2\/categories?post=34803"},{"taxonomy":"post_tag","embeddable":true,"href":"https:\/\/alzira.es\/es\/wp-json\/wp\/v2\/tags?post=34803"}],"curies":[{"name":"wp","href":"https:\/\/api.w.org\/{rel}","templated":true}]}}