{"id":34795,"date":"2018-11-06T19:00:00","date_gmt":"2018-11-06T18:00:00","guid":{"rendered":"https:\/\/alzira.es\/xarrada-que-saben-de-tu-les-xarxes-socials-com-protegir-la-nostra-privacitat-en-un-mon-hiperconnectat\/"},"modified":"2018-11-06T19:00:00","modified_gmt":"2018-11-06T18:00:00","slug":"xarrada-que-saben-de-tu-les-xarxes-socials-com-protegir-la-nostra-privacitat-en-un-mon-hiperconnectat","status":"publish","type":"post","link":"https:\/\/alzira.es\/es\/xarrada-que-saben-de-tu-les-xarxes-socials-com-protegir-la-nostra-privacitat-en-un-mon-hiperconnectat\/","title":{"rendered":"Premis Literaris 2018. Xarrada: Qu\u00e8 saben de tu les xarxes socials? Com protegir la nostra privacitat en un m\u00f3n hiperconnectat"},"content":{"rendered":"<p>Dimarts 6 de novembre a les 19 h a la Casa de la Cultura d&#8217;Alzira.<\/p>\n<p style=\"text-align: justify;\">Aquesta activitat es realitzar\u00e0 a c\u00e0rrec de Xavier Duran. Pr\u00e8viament, Juli Peret\u00f3 -investigador i professor de la UV, aix\u00ed com primer director de la col\u00b7lecci\u00f3 \u00abSense Fronteres\u00bb- dedicar\u00e0 unes paraules a la mem\u00f2ria de Fernando Sapi\u00f1a, director de \u00abSense Fronteres\u00bb, des de 2005 fins a 2018.<\/p>\n<p style=\"text-align: center;\"><a style=\"text-align: center; font-size: 14.4px;\" href=\"https:\/\/alzira.es\/wp-content\/uploads\/2018\/11\/9.PNG\" target=\"_blank\" rel=\"noopener\"><img fetchpriority=\"high\" decoding=\"async\" width=\"584\" height=\"275\" class=\" size-full wp-image-34791\" title=\"Xarrada: Qu\u00e8 saben de tu les xarxes socials? Com protegir la nostra privacitat en un m\u00f3n hiperconnectat\" src=\"https:\/\/alzira.es\/wp-content\/uploads\/2018\/11\/9.PNG\" alt=\"9\" \/><\/a><\/p>\n<p style=\"text-align: center;\"><a href=\"https:\/\/alzira.es\/wp-content\/uploads\/2018\/10\/10.PNG\" target=\"_blank\" rel=\"noopener\"><img decoding=\"async\" class=\"size-full wp-image-34624 lazyload\" title=\"Xarrada: Qu\u00e8 saben de tu les xarxes socials? Com protegir la nostra privacitat en un m\u00f3n hiperconnectat\" data-src=\"https:\/\/alzira.es\/wp-content\/uploads\/2018\/10\/10.PNG\" alt=\"10\" width=\"584\" height=\"295\" src=\"data:image\/svg+xml;base64,PHN2ZyB3aWR0aD0iMSIgaGVpZ2h0PSIxIiB4bWxucz0iaHR0cDovL3d3dy53My5vcmcvMjAwMC9zdmciPjwvc3ZnPg==\" style=\"--smush-placeholder-width: 584px; --smush-placeholder-aspect-ratio: 584\/295;\" \/><\/a><\/p>\n","protected":false},"excerpt":{"rendered":"<p>Dimarts 6 de novembre a les 19 h a la Casa de la Cultura d&#8217;Alzira. Aquesta activitat es realitzar\u00e0 a c\u00e0rrec de Xavier Duran. Pr\u00e8viament, Juli Peret\u00f3 -investigador i professor de la UV, aix\u00ed com primer director de la col\u00b7lecci\u00f3 \u00abSense Fronteres\u00bb- dedicar\u00e0 unes paraules a la mem\u00f2ria de Fernando Sapi\u00f1a, director de \u00abSense Fronteres\u00bb, &hellip; <\/p>\n<p class=\"link-more\"><a href=\"https:\/\/alzira.es\/es\/xarrada-que-saben-de-tu-les-xarxes-socials-com-protegir-la-nostra-privacitat-en-un-mon-hiperconnectat\/\" class=\"more-link\">Continuar leyendo<span class=\"screen-reader-text\"> \u00abPremis Literaris 2018. Xarrada: Qu\u00e8 saben de tu les xarxes socials? Com protegir la nostra privacitat en un m\u00f3n hiperconnectat\u00bb<\/span><\/a><\/p>\n","protected":false},"author":12,"featured_media":34791,"comment_status":"","ping_status":"","sticky":false,"template":"","format":"standard","meta":{"_acf_changed":false,"footnotes":""},"categories":[],"tags":[],"class_list":["post-34795","post","type-post","status-publish","format-standard","has-post-thumbnail","hentry"],"acf":[],"_links":{"self":[{"href":"https:\/\/alzira.es\/es\/wp-json\/wp\/v2\/posts\/34795","targetHints":{"allow":["GET"]}}],"collection":[{"href":"https:\/\/alzira.es\/es\/wp-json\/wp\/v2\/posts"}],"about":[{"href":"https:\/\/alzira.es\/es\/wp-json\/wp\/v2\/types\/post"}],"author":[{"embeddable":true,"href":"https:\/\/alzira.es\/es\/wp-json\/wp\/v2\/users\/12"}],"replies":[{"embeddable":true,"href":"https:\/\/alzira.es\/es\/wp-json\/wp\/v2\/comments?post=34795"}],"version-history":[{"count":0,"href":"https:\/\/alzira.es\/es\/wp-json\/wp\/v2\/posts\/34795\/revisions"}],"wp:featuredmedia":[{"embeddable":true,"href":"https:\/\/alzira.es\/es\/wp-json\/wp\/v2\/media\/34791"}],"wp:attachment":[{"href":"https:\/\/alzira.es\/es\/wp-json\/wp\/v2\/media?parent=34795"}],"wp:term":[{"taxonomy":"category","embeddable":true,"href":"https:\/\/alzira.es\/es\/wp-json\/wp\/v2\/categories?post=34795"},{"taxonomy":"post_tag","embeddable":true,"href":"https:\/\/alzira.es\/es\/wp-json\/wp\/v2\/tags?post=34795"}],"curies":[{"name":"wp","href":"https:\/\/api.w.org\/{rel}","templated":true}]}}