{"id":34534,"date":"2018-10-11T15:10:00","date_gmt":"2018-10-11T13:10:00","guid":{"rendered":"https:\/\/alzira.es\/alzira-treballa-en-una-rebaixa-de-l-ibi-d-un-2-per-a-2019\/"},"modified":"2018-10-11T15:10:00","modified_gmt":"2018-10-11T13:10:00","slug":"alzira-treballa-en-una-rebaixa-de-l-ibi-d-un-2-per-a-2019","status":"publish","type":"post","link":"https:\/\/alzira.es\/es\/alzira-treballa-en-una-rebaixa-de-l-ibi-d-un-2-per-a-2019\/","title":{"rendered":"Alzira treballa en una rebaixa  de l\u2019IBI d\u2019un 2% per a 2019"},"content":{"rendered":"<p style=\"text-align: justify;\"><strong>Alzira, 11 d&#8217;octubre de 2018.<\/strong> El regidor d&#8217;Economia i Hisenda, Albert Furi\u00f3, ha anunciat una nova proposta de rebaixa de la contribuci\u00f3 per al proper exercici. Des de 2016 s&#8217;ha portat a terme una pol\u00edtica de rebaixa de l&#8217;import del rebut de manera continuada.<\/p>\n<p style=\"text-align: justify;\">A manera d&#8217;exemple, una vivenda mitjana, situada al carrer Josefina Piera, en 2016 pagava un rebut de contribuci\u00f3 de 427 euros, i en 2019 pagar\u00e0 402 euros.<\/p>\n<p style=\"text-align: center;\"><a href=\"https:\/\/alzira.es\/wp-content\/uploads\/2018\/10\/noticia_IBI.PNG\" target=\"_blank\" rel=\"noopener\"><img fetchpriority=\"high\" decoding=\"async\" width=\"774\" height=\"125\" class=\" size-full wp-image-34527\" title=\"Alzira treballa en una rebaixa  de l\u2019IBI d\u2019un 2% per a 2019\" src=\"https:\/\/alzira.es\/wp-content\/uploads\/2018\/10\/noticia_IBI.PNG\" alt=\"noticia IBI\" srcset=\"https:\/\/alzira.es\/wp-content\/uploads\/2018\/10\/noticia_IBI.PNG 774w, https:\/\/alzira.es\/wp-content\/uploads\/2018\/10\/noticia_IBI-680x110.png 680w, https:\/\/alzira.es\/wp-content\/uploads\/2018\/10\/noticia_IBI-768x124.png 768w\" sizes=\"(max-width: 706px) 89vw, (max-width: 767px) 82vw, 740px\" \/><\/a><\/p>\n<p style=\"text-align: justify;\">El govern municipal ha rebaixat en els dos \u00faltims anys l&#8217;import del rebut de la contribuci\u00f3 en 2 punts percentuals per exercici que, afegida a dos punts m\u00e9s de descens amb els quals treballa l&#8217;\u00e0rea econ\u00f2mica de l&#8217;Ajuntament per als pressupostos de 2019, suposar\u00e0 per a la ciutadania un estalvi total en esta legislatura del 6%.<br \/>Les anteriors rebaixes del deute tributari han vingut tamb\u00e9 acompanyades per una disminuci\u00f3 del 12% dels valors cadastrals. Esta minoraci\u00f3 es deu a les gestions realitzades des de la Regidoria davant el Ministeri d&#8217;Hisenda, en les quals s&#8217;ha aconseguit un descens del 8% en 2017 i del 4% en 2018.&nbsp;Furi\u00f3 ha ressaltat al respecte que \u00abEste govern ha treballat per a reduir la contribuci\u00f3 des del primer any de la legislatura.\u00bb<\/p>\n<p style=\"text-align: justify;\">La contribuci\u00f3 urbana no \u00e9s l&#8217;\u00fanic tribut que s&#8217;ha vist modificat a la baixa: en este exercici, tant els rebuts de r\u00fastica com de l&#8217;impost municipal sobre vehicles lligats a l&#8217;activitat econ\u00f2mica, han vist redu\u00eft el seu import en un 10%. A estes mesures cal afegir l&#8217;eliminaci\u00f3 total de la taxa de fem d&#8217;activitats econ\u00f2miques que afectava m\u00e9s de 3.000 empreses, comer\u00e7os i treballadors aut\u00f2noms.<\/p>\n<p style=\"text-align: justify;\">El govern municipal ha fet compatibles les anteriors rebaixes fiscals amb la reducci\u00f3 rebaixa del deute amb els bancs. En l&#8217;any 2015, l&#8217;Ajuntament tenia un deute de m\u00e9s de 16 M\u20ac, i despr\u00e9s de les mesures aplicades des del principi de la legislatura, enguany esta quantitat se situar\u00e0 en els 7.350.344,77 \u20ac.<\/p>\n<p style=\"text-align: justify;\">De fet, en 2018 l&#8217;Ajuntament ha realitzat amortitzacions anticipades de pr\u00e9stecs per vora 2 milions d&#8217;euros. A l&#8217;inici de la legislatura l&#8217;Ajuntament tenia 13 operacions de cr\u00e8dit i la previsi\u00f3 \u00e9s tancar 2018 amb nom\u00e9s 4 pr\u00e9stecs pendents, fet que acredita la solv\u00e8ncia de la hisenda local.<\/p>\n<p style=\"text-align: center;\"><a href=\"https:\/\/alzira.es\/wp-content\/uploads\/2018\/10\/IMG_5100.jpg\" target=\"_blank\" rel=\"noopener\"><img decoding=\"async\" class=\"size-full wp-image-34530 lazyload\" title=\"Alzira treballa en una rebaixa  de l\u2019IBI d\u2019un 2% per a 2019\" data-src=\"https:\/\/alzira.es\/wp-content\/uploads\/2018\/10\/IMG_5100.jpg\" alt=\"IMG 5100\" width=\"400\" height=\"600\" src=\"data:image\/svg+xml;base64,PHN2ZyB3aWR0aD0iMSIgaGVpZ2h0PSIxIiB4bWxucz0iaHR0cDovL3d3dy53My5vcmcvMjAwMC9zdmciPjwvc3ZnPg==\" style=\"--smush-placeholder-width: 400px; --smush-placeholder-aspect-ratio: 400\/600;\" \/><\/a><\/p>\n","protected":false},"excerpt":{"rendered":"<p>Alzira, 11 d&#8217;octubre de 2018. El regidor d&#8217;Economia i Hisenda, Albert Furi\u00f3, ha anunciat una nova proposta de rebaixa de la contribuci\u00f3 per al proper exercici. Des de 2016 s&#8217;ha portat a terme una pol\u00edtica de rebaixa de l&#8217;import del rebut de manera continuada. A manera d&#8217;exemple, una vivenda mitjana, situada al carrer Josefina Piera, &hellip; <\/p>\n<p class=\"link-more\"><a href=\"https:\/\/alzira.es\/es\/alzira-treballa-en-una-rebaixa-de-l-ibi-d-un-2-per-a-2019\/\" class=\"more-link\">Continuar leyendo<span class=\"screen-reader-text\"> \u00abAlzira treballa en una rebaixa  de l\u2019IBI d\u2019un 2% per a 2019\u00bb<\/span><\/a><\/p>\n","protected":false},"author":12,"featured_media":34527,"comment_status":"","ping_status":"","sticky":false,"template":"","format":"standard","meta":{"_acf_changed":false,"footnotes":""},"categories":[],"tags":[],"class_list":["post-34534","post","type-post","status-publish","format-standard","has-post-thumbnail","hentry"],"acf":[],"_links":{"self":[{"href":"https:\/\/alzira.es\/es\/wp-json\/wp\/v2\/posts\/34534","targetHints":{"allow":["GET"]}}],"collection":[{"href":"https:\/\/alzira.es\/es\/wp-json\/wp\/v2\/posts"}],"about":[{"href":"https:\/\/alzira.es\/es\/wp-json\/wp\/v2\/types\/post"}],"author":[{"embeddable":true,"href":"https:\/\/alzira.es\/es\/wp-json\/wp\/v2\/users\/12"}],"replies":[{"embeddable":true,"href":"https:\/\/alzira.es\/es\/wp-json\/wp\/v2\/comments?post=34534"}],"version-history":[{"count":0,"href":"https:\/\/alzira.es\/es\/wp-json\/wp\/v2\/posts\/34534\/revisions"}],"wp:featuredmedia":[{"embeddable":true,"href":"https:\/\/alzira.es\/es\/wp-json\/wp\/v2\/media\/34527"}],"wp:attachment":[{"href":"https:\/\/alzira.es\/es\/wp-json\/wp\/v2\/media?parent=34534"}],"wp:term":[{"taxonomy":"category","embeddable":true,"href":"https:\/\/alzira.es\/es\/wp-json\/wp\/v2\/categories?post=34534"},{"taxonomy":"post_tag","embeddable":true,"href":"https:\/\/alzira.es\/es\/wp-json\/wp\/v2\/tags?post=34534"}],"curies":[{"name":"wp","href":"https:\/\/api.w.org\/{rel}","templated":true}]}}