{"id":34350,"date":"2018-10-06T18:00:00","date_gmt":"2018-10-06T16:00:00","guid":{"rendered":"https:\/\/alzira.es\/entrada-de-caps-d-escuadra-i-bandes-eixida-de-la-placa-del-mercat-finalitza-en-l-av-lluis-suner\/"},"modified":"2018-10-06T18:00:00","modified_gmt":"2018-10-06T16:00:00","slug":"entrada-de-caps-d-escuadra-i-bandes-eixida-de-la-placa-del-mercat-finalitza-en-l-av-lluis-suner","status":"publish","type":"post","link":"https:\/\/alzira.es\/es\/entrada-de-caps-d-escuadra-i-bandes-eixida-de-la-placa-del-mercat-finalitza-en-l-av-lluis-suner\/","title":{"rendered":"Entrada de Caps d&#8217;Escuadra i Bandes. Eixida de la pla\u00e7a del Mercat. Finalitza en l&#8217;av. Lluis Su\u00f1er"},"content":{"rendered":"<p><strong>Dissabte 6 d&#8217;octubre a les 18 h amb eixida en la Pla\u00e7a Major i finalitzaci\u00f3 en l&#8217;av. Lluis Su\u00f1er<\/strong><\/p>\n<p style=\"text-align: center;\"><a href=\"https:\/\/alzira.es\/wp-content\/uploads\/2018\/10\/FULLET_9_OCTUBREdef-03.jpg\" target=\"_blank\" rel=\"noopener\"><strong><img fetchpriority=\"high\" decoding=\"async\" class=\" size-full wp-image-34342\" title=\"9 d'octubre\" src=\"https:\/\/alzira.es\/wp-content\/uploads\/2018\/10\/FULLET_9_OCTUBREdef-03.jpg\" alt=\"FULLET 9 OCTUBREdef-03\" width=\"600\" height=\"802\" srcset=\"https:\/\/alzira.es\/wp-content\/uploads\/2018\/10\/FULLET_9_OCTUBREdef-03.jpg 1000w, https:\/\/alzira.es\/wp-content\/uploads\/2018\/10\/FULLET_9_OCTUBREdef-03-382x510.jpg 382w, https:\/\/alzira.es\/wp-content\/uploads\/2018\/10\/FULLET_9_OCTUBREdef-03-802x1072.jpg 802w, https:\/\/alzira.es\/wp-content\/uploads\/2018\/10\/FULLET_9_OCTUBREdef-03-768x1026.jpg 768w\" sizes=\"(max-width: 600px) 100vw, 600px\" \/><\/strong><\/a><\/p>\n","protected":false},"excerpt":{"rendered":"<p>Dissabte 6 d&#8217;octubre a les 18 h amb eixida en la Pla\u00e7a Major i finalitzaci\u00f3 en l&#8217;av. Lluis Su\u00f1er<\/p>\n","protected":false},"author":12,"featured_media":34342,"comment_status":"","ping_status":"","sticky":false,"template":"","format":"standard","meta":{"_acf_changed":false,"footnotes":""},"categories":[],"tags":[],"class_list":["post-34350","post","type-post","status-publish","format-standard","has-post-thumbnail","hentry"],"acf":[],"_links":{"self":[{"href":"https:\/\/alzira.es\/es\/wp-json\/wp\/v2\/posts\/34350","targetHints":{"allow":["GET"]}}],"collection":[{"href":"https:\/\/alzira.es\/es\/wp-json\/wp\/v2\/posts"}],"about":[{"href":"https:\/\/alzira.es\/es\/wp-json\/wp\/v2\/types\/post"}],"author":[{"embeddable":true,"href":"https:\/\/alzira.es\/es\/wp-json\/wp\/v2\/users\/12"}],"replies":[{"embeddable":true,"href":"https:\/\/alzira.es\/es\/wp-json\/wp\/v2\/comments?post=34350"}],"version-history":[{"count":0,"href":"https:\/\/alzira.es\/es\/wp-json\/wp\/v2\/posts\/34350\/revisions"}],"wp:featuredmedia":[{"embeddable":true,"href":"https:\/\/alzira.es\/es\/wp-json\/wp\/v2\/media\/34342"}],"wp:attachment":[{"href":"https:\/\/alzira.es\/es\/wp-json\/wp\/v2\/media?parent=34350"}],"wp:term":[{"taxonomy":"category","embeddable":true,"href":"https:\/\/alzira.es\/es\/wp-json\/wp\/v2\/categories?post=34350"},{"taxonomy":"post_tag","embeddable":true,"href":"https:\/\/alzira.es\/es\/wp-json\/wp\/v2\/tags?post=34350"}],"curies":[{"name":"wp","href":"https:\/\/api.w.org\/{rel}","templated":true}]}}