{"id":34346,"date":"2018-10-04T20:00:00","date_gmt":"2018-10-04T18:00:00","guid":{"rendered":"https:\/\/alzira.es\/presentacio-del-llibre-d-eugenio-garcia-alminana-el-convento-de-aguas-vivas-historia-economia-guerra-y-pleitos\/"},"modified":"2018-10-04T20:00:00","modified_gmt":"2018-10-04T18:00:00","slug":"presentacio-del-llibre-d-eugenio-garcia-alminana-el-convento-de-aguas-vivas-historia-economia-guerra-y-pleitos","status":"publish","type":"post","link":"https:\/\/alzira.es\/es\/presentacio-del-llibre-d-eugenio-garcia-alminana-el-convento-de-aguas-vivas-historia-economia-guerra-y-pleitos\/","title":{"rendered":"Presentaci\u00f3 del llibre d&#8217;Eugenio Garc\u00eda Almi\u00f1ana: El Convento de Aguas Vivas: Historia, Econom\u00eda, Guerra y Pleitos"},"content":{"rendered":"<p><strong>Dijous 4 d&#8217;octubre a les 20 h en l&#8217;Arxiu Municipal<\/strong><\/p>\n<p style=\"text-align: center;\"><a href=\"https:\/\/alzira.es\/wp-content\/uploads\/2018\/10\/FULLET_9_OCTUBREdef-03.jpg\" target=\"_blank\" rel=\"noopener\"><strong><img fetchpriority=\"high\" decoding=\"async\" class=\" size-full wp-image-34342\" title=\"9 d'octubre\" src=\"https:\/\/alzira.es\/wp-content\/uploads\/2018\/10\/FULLET_9_OCTUBREdef-03.jpg\" alt=\"FULLET 9 OCTUBREdef-03\" width=\"600\" height=\"802\" srcset=\"https:\/\/alzira.es\/wp-content\/uploads\/2018\/10\/FULLET_9_OCTUBREdef-03.jpg 1000w, https:\/\/alzira.es\/wp-content\/uploads\/2018\/10\/FULLET_9_OCTUBREdef-03-382x510.jpg 382w, https:\/\/alzira.es\/wp-content\/uploads\/2018\/10\/FULLET_9_OCTUBREdef-03-802x1072.jpg 802w, https:\/\/alzira.es\/wp-content\/uploads\/2018\/10\/FULLET_9_OCTUBREdef-03-768x1026.jpg 768w\" sizes=\"(max-width: 600px) 100vw, 600px\" \/><\/strong><\/a><\/p>\n","protected":false},"excerpt":{"rendered":"<p>Dijous 4 d&#8217;octubre a les 20 h en l&#8217;Arxiu Municipal<\/p>\n","protected":false},"author":12,"featured_media":34342,"comment_status":"","ping_status":"","sticky":false,"template":"","format":"standard","meta":{"_acf_changed":false,"footnotes":""},"categories":[],"tags":[],"class_list":["post-34346","post","type-post","status-publish","format-standard","has-post-thumbnail","hentry"],"acf":[],"_links":{"self":[{"href":"https:\/\/alzira.es\/es\/wp-json\/wp\/v2\/posts\/34346","targetHints":{"allow":["GET"]}}],"collection":[{"href":"https:\/\/alzira.es\/es\/wp-json\/wp\/v2\/posts"}],"about":[{"href":"https:\/\/alzira.es\/es\/wp-json\/wp\/v2\/types\/post"}],"author":[{"embeddable":true,"href":"https:\/\/alzira.es\/es\/wp-json\/wp\/v2\/users\/12"}],"replies":[{"embeddable":true,"href":"https:\/\/alzira.es\/es\/wp-json\/wp\/v2\/comments?post=34346"}],"version-history":[{"count":0,"href":"https:\/\/alzira.es\/es\/wp-json\/wp\/v2\/posts\/34346\/revisions"}],"wp:featuredmedia":[{"embeddable":true,"href":"https:\/\/alzira.es\/es\/wp-json\/wp\/v2\/media\/34342"}],"wp:attachment":[{"href":"https:\/\/alzira.es\/es\/wp-json\/wp\/v2\/media?parent=34346"}],"wp:term":[{"taxonomy":"category","embeddable":true,"href":"https:\/\/alzira.es\/es\/wp-json\/wp\/v2\/categories?post=34346"},{"taxonomy":"post_tag","embeddable":true,"href":"https:\/\/alzira.es\/es\/wp-json\/wp\/v2\/tags?post=34346"}],"curies":[{"name":"wp","href":"https:\/\/api.w.org\/{rel}","templated":true}]}}