{"id":33918,"date":"2018-10-03T12:58:55","date_gmt":"2018-10-03T10:58:55","guid":{"rendered":"https:\/\/alzira.es\/com-ens-relacionem-amb-el-menjar\/"},"modified":"2018-10-03T12:58:55","modified_gmt":"2018-10-03T10:58:55","slug":"com-ens-relacionem-amb-el-menjar","status":"publish","type":"post","link":"https:\/\/alzira.es\/es\/com-ens-relacionem-amb-el-menjar\/","title":{"rendered":"Com ens relacionem amb el menjar"},"content":{"rendered":"<p>Quin dels vostres fills no t\u00e9 un o diversos comptes a les xarxes socials. Hui en dia o&nbsp;penges la teua vida a les xarxes o et convertixes en ning\u00fa. Parlem al voltant de: com puc&nbsp;ajudar-lo a estimar-se tal com \u00e9s? Com fer-lo fort dins d&#8217;esta societat superficial? Com&nbsp;ajudar-lo a ser cr\u00edtic enfront dels ideals socials irreals? Com no caure dins dels trastorns&nbsp;alimentaris?<\/p>\n<p><strong>Xarrada el 3 d&#8217;octubre en l&#8217;aula 2 de la Casa de la Cultura de 18 h a 19.30 h<\/strong><\/p>\n<p style=\"text-align: center;\"><a href=\"https:\/\/alzira.es\/wp-content\/uploads\/2018\/10\/parlem_de.PNG\" target=\"_blank\" rel=\"noopener\"><strong><img fetchpriority=\"high\" decoding=\"async\" width=\"474\" height=\"678\" class=\" size-full wp-image-33914\" title=\"Parlem de...\" src=\"https:\/\/alzira.es\/wp-content\/uploads\/2018\/10\/parlem_de.PNG\" alt=\"parlem de\" srcset=\"https:\/\/alzira.es\/wp-content\/uploads\/2018\/10\/parlem_de.PNG 474w, https:\/\/alzira.es\/wp-content\/uploads\/2018\/10\/parlem_de-357x510.png 357w\" sizes=\"(max-width: 474px) 100vw, 474px\" \/><\/strong><\/a><\/p>\n","protected":false},"excerpt":{"rendered":"<p>Quin dels vostres fills no t\u00e9 un o diversos comptes a les xarxes socials. Hui en dia o&nbsp;penges la teua vida a les xarxes o et convertixes en ning\u00fa. Parlem al voltant de: com puc&nbsp;ajudar-lo a estimar-se tal com \u00e9s? Com fer-lo fort dins d&#8217;esta societat superficial? Com&nbsp;ajudar-lo a ser cr\u00edtic enfront dels ideals socials &hellip; <\/p>\n<p class=\"link-more\"><a href=\"https:\/\/alzira.es\/es\/com-ens-relacionem-amb-el-menjar\/\" class=\"more-link\">Continuar leyendo<span class=\"screen-reader-text\"> \u00abCom ens relacionem amb el menjar\u00bb<\/span><\/a><\/p>\n","protected":false},"author":12,"featured_media":33914,"comment_status":"","ping_status":"","sticky":false,"template":"","format":"standard","meta":{"_acf_changed":false,"footnotes":""},"categories":[],"tags":[],"class_list":["post-33918","post","type-post","status-publish","format-standard","has-post-thumbnail","hentry"],"acf":[],"_links":{"self":[{"href":"https:\/\/alzira.es\/es\/wp-json\/wp\/v2\/posts\/33918","targetHints":{"allow":["GET"]}}],"collection":[{"href":"https:\/\/alzira.es\/es\/wp-json\/wp\/v2\/posts"}],"about":[{"href":"https:\/\/alzira.es\/es\/wp-json\/wp\/v2\/types\/post"}],"author":[{"embeddable":true,"href":"https:\/\/alzira.es\/es\/wp-json\/wp\/v2\/users\/12"}],"replies":[{"embeddable":true,"href":"https:\/\/alzira.es\/es\/wp-json\/wp\/v2\/comments?post=33918"}],"version-history":[{"count":0,"href":"https:\/\/alzira.es\/es\/wp-json\/wp\/v2\/posts\/33918\/revisions"}],"wp:featuredmedia":[{"embeddable":true,"href":"https:\/\/alzira.es\/es\/wp-json\/wp\/v2\/media\/33914"}],"wp:attachment":[{"href":"https:\/\/alzira.es\/es\/wp-json\/wp\/v2\/media?parent=33918"}],"wp:term":[{"taxonomy":"category","embeddable":true,"href":"https:\/\/alzira.es\/es\/wp-json\/wp\/v2\/categories?post=33918"},{"taxonomy":"post_tag","embeddable":true,"href":"https:\/\/alzira.es\/es\/wp-json\/wp\/v2\/tags?post=33918"}],"curies":[{"name":"wp","href":"https:\/\/api.w.org\/{rel}","templated":true}]}}