{"id":33841,"date":"2018-09-27T16:00:00","date_gmt":"2018-09-27T14:00:00","guid":{"rendered":"https:\/\/alzira.es\/jornada-llei-de-presupostos-generals-de-l-estat\/"},"modified":"2018-09-27T16:00:00","modified_gmt":"2018-09-27T14:00:00","slug":"jornada-llei-de-presupostos-generals-de-l-estat","status":"publish","type":"post","link":"https:\/\/alzira.es\/es\/jornada-llei-de-presupostos-generals-de-l-estat\/","title":{"rendered":"Jornada \u00abLlei de Presupostos Generals de l&#8217;Estat\u00bb"},"content":{"rendered":"<p style=\"text-align: justify;\">La jornada tindr\u00e0 lloc el pr\u00f2xim <strong>27 de setembre<\/strong> en el Auditori de la Casa de la Cultura (carrer Escoles Pies &#8211; 4, Alzira), i ser\u00e0 impartida per <strong>D. Bernardo Castell\u00f3 Enguix<\/strong>, Director Provincial de la TGSS y el INSS de Castell\u00f3n.<\/p>\n<p style=\"text-align: justify;\">La duraci\u00f3 aproximada es de 3 hores i mitja i la entrada a la jornada es <strong>grat\u00fcita<\/strong>. Si esteu interesats en assistir us podeu inscriure a trav\u00e9s del seg\u00fcent enlla\u00e7:&nbsp;<a href=\"https:\/\/www.umivale.es\/portal\/cms\/servicios\/herramientas\/eventos\/LPGE_2018\/listado\/Jornada_161.html\">https:\/\/www.umivale.es\/portal\/cms\/servicios\/herramientas\/eventos\/LPGE_2018\/listado\/Jornada_161.html<\/a><\/p>\n<p style=\"text-align: center;\"><a href=\"https:\/\/alzira.es\/wp-content\/uploads\/2018\/09\/PROGRAMA_LPGE-2018_ALZIRA_2.pdf.jpg\" target=\"_blank\" rel=\"noopener\"><img fetchpriority=\"high\" decoding=\"async\" class=\" size-full wp-image-33836\" title=\"Jornada &quot;Llei de Presupostos Generals de l'Estat&quot;\" src=\"https:\/\/alzira.es\/wp-content\/uploads\/2018\/09\/PROGRAMA_LPGE-2018_ALZIRA_2.pdf.jpg\" alt=\"PROGRAMA LPGE-2018 ALZIRA 2.pdf\" width=\"600\" height=\"899\" srcset=\"https:\/\/alzira.es\/wp-content\/uploads\/2018\/09\/PROGRAMA_LPGE-2018_ALZIRA_2.pdf.jpg 1654w, https:\/\/alzira.es\/wp-content\/uploads\/2018\/09\/PROGRAMA_LPGE-2018_ALZIRA_2.pdf-340x510.jpg 340w, https:\/\/alzira.es\/wp-content\/uploads\/2018\/09\/PROGRAMA_LPGE-2018_ALZIRA_2.pdf-715x1072.jpg 715w, https:\/\/alzira.es\/wp-content\/uploads\/2018\/09\/PROGRAMA_LPGE-2018_ALZIRA_2.pdf-768x1151.jpg 768w, https:\/\/alzira.es\/wp-content\/uploads\/2018\/09\/PROGRAMA_LPGE-2018_ALZIRA_2.pdf-1025x1536.jpg 1025w, https:\/\/alzira.es\/wp-content\/uploads\/2018\/09\/PROGRAMA_LPGE-2018_ALZIRA_2.pdf-1366x2048.jpg 1366w\" sizes=\"(max-width: 600px) 100vw, 600px\" \/><\/a><\/p>\n","protected":false},"excerpt":{"rendered":"<p>La jornada tindr\u00e0 lloc el pr\u00f2xim 27 de setembre en el Auditori de la Casa de la Cultura (carrer Escoles Pies &#8211; 4, Alzira), i ser\u00e0 impartida per D. Bernardo Castell\u00f3 Enguix, Director Provincial de la TGSS y el INSS de Castell\u00f3n. La duraci\u00f3 aproximada es de 3 hores i mitja i la entrada a &hellip; <\/p>\n<p class=\"link-more\"><a href=\"https:\/\/alzira.es\/es\/jornada-llei-de-presupostos-generals-de-l-estat\/\" class=\"more-link\">Continuar leyendo<span class=\"screen-reader-text\"> \u00abJornada \u00abLlei de Presupostos Generals de l&#8217;Estat\u00bb\u00bb<\/span><\/a><\/p>\n","protected":false},"author":12,"featured_media":33836,"comment_status":"","ping_status":"","sticky":false,"template":"","format":"standard","meta":{"_acf_changed":false,"footnotes":""},"categories":[],"tags":[],"class_list":["post-33841","post","type-post","status-publish","format-standard","has-post-thumbnail","hentry"],"acf":[],"_links":{"self":[{"href":"https:\/\/alzira.es\/es\/wp-json\/wp\/v2\/posts\/33841","targetHints":{"allow":["GET"]}}],"collection":[{"href":"https:\/\/alzira.es\/es\/wp-json\/wp\/v2\/posts"}],"about":[{"href":"https:\/\/alzira.es\/es\/wp-json\/wp\/v2\/types\/post"}],"author":[{"embeddable":true,"href":"https:\/\/alzira.es\/es\/wp-json\/wp\/v2\/users\/12"}],"replies":[{"embeddable":true,"href":"https:\/\/alzira.es\/es\/wp-json\/wp\/v2\/comments?post=33841"}],"version-history":[{"count":0,"href":"https:\/\/alzira.es\/es\/wp-json\/wp\/v2\/posts\/33841\/revisions"}],"wp:featuredmedia":[{"embeddable":true,"href":"https:\/\/alzira.es\/es\/wp-json\/wp\/v2\/media\/33836"}],"wp:attachment":[{"href":"https:\/\/alzira.es\/es\/wp-json\/wp\/v2\/media?parent=33841"}],"wp:term":[{"taxonomy":"category","embeddable":true,"href":"https:\/\/alzira.es\/es\/wp-json\/wp\/v2\/categories?post=33841"},{"taxonomy":"post_tag","embeddable":true,"href":"https:\/\/alzira.es\/es\/wp-json\/wp\/v2\/tags?post=33841"}],"curies":[{"name":"wp","href":"https:\/\/api.w.org\/{rel}","templated":true}]}}