{"id":33552,"date":"2018-09-19T13:20:33","date_gmt":"2018-09-19T11:20:33","guid":{"rendered":"https:\/\/alzira.es\/sol-licituds\/"},"modified":"2018-09-19T13:20:33","modified_gmt":"2018-09-19T11:20:33","slug":"sol-licituds","status":"publish","type":"post","link":"https:\/\/alzira.es\/es\/sol-licituds\/","title":{"rendered":"Sol\u00b7licituds de convalidaci\u00f3"},"content":{"rendered":"<p style=\"text-align: justify;\"><img fetchpriority=\"high\" decoding=\"async\" width=\"266\" height=\"420\" class=\" alignleft size-full wp-image-33550\" style=\"margin-left: 50px; margin-right: 10px; float: left;\" src=\"https:\/\/alzira.es\/wp-content\/uploads\/2018\/09\/logo_serval-05-05_x2.jpg\" alt=\"logo serval-05-05 x2\" \/><\/p>\n<p style=\"text-align: justify;\"><span style=\"color: #ffffff;\">\/\/\/<\/span><\/p>\n<p style=\"text-align: justify;\">El certificat de <strong>B1<\/strong> de la <strong>JQCV<\/strong> (antic elemental) s&#8217;homologa per haver cursat i aprovat l&#8217;assignatura de Valenci\u00e0 en els seg\u00fcents cursos i etapes educatives:<\/p>\n<p style=\"text-align: justify;\">\u2022 En tots els cursos d&#8217;Educaci\u00f3 Prim\u00e0ria i d&#8217;Educaci\u00f3 Secund\u00e0ria Obligat\u00f2ria (Orde de 16 d&#8217;agost de 1994, de la Conselleria d&#8217;Educaci\u00f3 i Ci\u00e8ncia, DOGV de 24.08.1994)<\/p>\n<p style=\"text-align: justify;\">\u2022 En tots els cursos d&#8217;Educaci\u00f3 General B\u00e0sica (Orde de 16 d&#8217;agost de 1994, de la Conselleria d&#8217;Educaci\u00f3 i Ci\u00e8ncia, DOGV de 24.08.1994)<\/p>\n<p style=\"text-align: justify;\">\u2022 En almenys 3 cursos d&#8217;entre els 3 de BUP i COU. A estos efectes considerem equiparables a estos cursos 3r i 4t d&#8217;ESO i 1r i 2n de Batxillerat. (Orde de 24 de juny de&nbsp;1999, de la Conselleria de Cultura, Educaci\u00f3 i Ci\u00e8ncia, DOGV de 22.07.1999).<\/p>\n<p style=\"text-align: justify;\">\u2022 En els dos cursos del primer grau i en els dos primers cursos del segon grau de Formaci\u00f3 Professional (Orde de 24 de juny de 1999, de la Conselleria de Cultura, Educaci\u00f3 i Ci\u00e8ncia. DOGV de 22.07.1999).<\/p>\n<p style=\"text-align: justify;\"><a href=\"https:\/\/alzira.es\/wp-content\/uploads\/2018\/09\/Solicitud_grado_elemental.pdf\" target=\"_blank\" rel=\"noopener\"><strong><img decoding=\"async\" width=\"18\" height=\"15\" class=\"size-full wp-image-33543 lazyload\" title=\"document PDF\" data-src=\"https:\/\/alzira.es\/wp-content\/uploads\/2018\/09\/pdf_rojo.gif\" alt=\"pdf rojo\" src=\"data:image\/svg+xml;base64,PHN2ZyB3aWR0aD0iMSIgaGVpZ2h0PSIxIiB4bWxucz0iaHR0cDovL3d3dy53My5vcmcvMjAwMC9zdmciPjwvc3ZnPg==\" style=\"--smush-placeholder-width: 18px; --smush-placeholder-aspect-ratio: 18\/15;\" \/>&nbsp;Arxiu de convalidaci\u00f3 del grau elemental<\/strong><\/a><\/p>\n<p style=\"text-align: justify;\"><a href=\"http:\/\/www.ceice.gva.es\/documents\/161863132\/164859523\/Solicitud+grado+elemental.pdf\/6339de8d-6a3e-4bac-b058-00dbf17b5ff8\">&nbsp;<\/a><\/p>\n","protected":false},"excerpt":{"rendered":"<p>\/\/\/ El certificat de B1 de la JQCV (antic elemental) s&#8217;homologa per haver cursat i aprovat l&#8217;assignatura de Valenci\u00e0 en els seg\u00fcents cursos i etapes educatives: \u2022 En tots els cursos d&#8217;Educaci\u00f3 Prim\u00e0ria i d&#8217;Educaci\u00f3 Secund\u00e0ria Obligat\u00f2ria (Orde de 16 d&#8217;agost de 1994, de la Conselleria d&#8217;Educaci\u00f3 i Ci\u00e8ncia, DOGV de 24.08.1994) \u2022 En tots &hellip; <\/p>\n<p class=\"link-more\"><a href=\"https:\/\/alzira.es\/es\/sol-licituds\/\" class=\"more-link\">Continuar leyendo<span class=\"screen-reader-text\"> \u00abSol\u00b7licituds de convalidaci\u00f3\u00bb<\/span><\/a><\/p>\n","protected":false},"author":12,"featured_media":33550,"comment_status":"","ping_status":"","sticky":false,"template":"","format":"standard","meta":{"_acf_changed":false,"footnotes":""},"categories":[],"tags":[],"class_list":["post-33552","post","type-post","status-publish","format-standard","has-post-thumbnail","hentry"],"acf":[],"_links":{"self":[{"href":"https:\/\/alzira.es\/es\/wp-json\/wp\/v2\/posts\/33552","targetHints":{"allow":["GET"]}}],"collection":[{"href":"https:\/\/alzira.es\/es\/wp-json\/wp\/v2\/posts"}],"about":[{"href":"https:\/\/alzira.es\/es\/wp-json\/wp\/v2\/types\/post"}],"author":[{"embeddable":true,"href":"https:\/\/alzira.es\/es\/wp-json\/wp\/v2\/users\/12"}],"replies":[{"embeddable":true,"href":"https:\/\/alzira.es\/es\/wp-json\/wp\/v2\/comments?post=33552"}],"version-history":[{"count":0,"href":"https:\/\/alzira.es\/es\/wp-json\/wp\/v2\/posts\/33552\/revisions"}],"wp:featuredmedia":[{"embeddable":true,"href":"https:\/\/alzira.es\/es\/wp-json\/wp\/v2\/media\/33550"}],"wp:attachment":[{"href":"https:\/\/alzira.es\/es\/wp-json\/wp\/v2\/media?parent=33552"}],"wp:term":[{"taxonomy":"category","embeddable":true,"href":"https:\/\/alzira.es\/es\/wp-json\/wp\/v2\/categories?post=33552"},{"taxonomy":"post_tag","embeddable":true,"href":"https:\/\/alzira.es\/es\/wp-json\/wp\/v2\/tags?post=33552"}],"curies":[{"name":"wp","href":"https:\/\/api.w.org\/{rel}","templated":true}]}}