{"id":33314,"date":"2018-09-15T09:21:14","date_gmt":"2018-09-15T07:21:14","guid":{"rendered":"https:\/\/alzira.es\/world-cleanup-day-2018-3\/"},"modified":"2018-09-15T09:21:14","modified_gmt":"2018-09-15T07:21:14","slug":"world-cleanup-day-2018-3","status":"publish","type":"post","link":"https:\/\/alzira.es\/es\/world-cleanup-day-2018-3\/","title":{"rendered":"World CleanUp Day 2018"},"content":{"rendered":"<p style=\"text-align: justify;\">Des de 2008, prop de 20 milions de persones de toto el m\u00f3n s&#8217;han unit a la <strong>Let&#8217;s Do It! Moviment mundial<\/strong>. Un moviment que connecta i capacita els ciutadans, les empreses i els governs per netejar els residus. Feu que la natura torne a tindre paisatges lliures d&#8217;escombraires.<\/p>\n<p style=\"text-align: justify;\">Participa a la major acci\u00f3 c\u00edvica de la hist\u00f2ria!<\/p>\n<p style=\"text-align: justify;\"><strong>QUAN?<\/strong> 15 de setembre de 10.00 h a 13.00 h<\/p>\n<p style=\"text-align: justify;\"><strong>ON?<\/strong> En la Muntanyeta del Salvador d&#8217;Alzira. El punt de trobada es el bar de la Muntaneyta<\/p>\n<p style=\"text-align: justify;\"><strong>QUI?<\/strong> Qualsevol persona. Cal vindre amb roba c\u00f2moda i calcer de muntanya<\/p>\n<p style=\"text-align: center;\"><a href=\"https:\/\/alzira.es\/wp-content\/uploads\/2018\/09\/WORLD_CLEAN_UP_DAY_CARTELL-01.jpg\" target=\"_blank\" rel=\"noopener\"><img fetchpriority=\"high\" decoding=\"async\" class=\" size-full wp-image-33287\" title=\"Let's Do It! Moviment mundial\" src=\"https:\/\/alzira.es\/wp-content\/uploads\/2018\/09\/WORLD_CLEAN_UP_DAY_CARTELL-01.jpg\" alt=\"WORLD CLEAN UP DAY CARTELL-01\" width=\"500\" height=\"707\" srcset=\"https:\/\/alzira.es\/wp-content\/uploads\/2018\/09\/WORLD_CLEAN_UP_DAY_CARTELL-01.jpg 842w, https:\/\/alzira.es\/wp-content\/uploads\/2018\/09\/WORLD_CLEAN_UP_DAY_CARTELL-01-361x510.jpg 361w, https:\/\/alzira.es\/wp-content\/uploads\/2018\/09\/WORLD_CLEAN_UP_DAY_CARTELL-01-758x1072.jpg 758w, https:\/\/alzira.es\/wp-content\/uploads\/2018\/09\/WORLD_CLEAN_UP_DAY_CARTELL-01-768x1086.jpg 768w\" sizes=\"(max-width: 500px) 100vw, 500px\" \/><\/a><\/p>\n<p>&nbsp;<\/p>\n","protected":false},"excerpt":{"rendered":"<p>Des de 2008, prop de 20 milions de persones de toto el m\u00f3n s&#8217;han unit a la Let&#8217;s Do It! Moviment mundial. Un moviment que connecta i capacita els ciutadans, les empreses i els governs per netejar els residus. Feu que la natura torne a tindre paisatges lliures d&#8217;escombraires. Participa a la major acci\u00f3 c\u00edvica &hellip; <\/p>\n<p class=\"link-more\"><a href=\"https:\/\/alzira.es\/es\/world-cleanup-day-2018-3\/\" class=\"more-link\">Continuar leyendo<span class=\"screen-reader-text\"> \u00abWorld CleanUp Day 2018\u00bb<\/span><\/a><\/p>\n","protected":false},"author":12,"featured_media":33287,"comment_status":"","ping_status":"","sticky":false,"template":"","format":"standard","meta":{"_acf_changed":false,"footnotes":""},"categories":[],"tags":[],"class_list":["post-33314","post","type-post","status-publish","format-standard","has-post-thumbnail","hentry"],"acf":[],"_links":{"self":[{"href":"https:\/\/alzira.es\/es\/wp-json\/wp\/v2\/posts\/33314","targetHints":{"allow":["GET"]}}],"collection":[{"href":"https:\/\/alzira.es\/es\/wp-json\/wp\/v2\/posts"}],"about":[{"href":"https:\/\/alzira.es\/es\/wp-json\/wp\/v2\/types\/post"}],"author":[{"embeddable":true,"href":"https:\/\/alzira.es\/es\/wp-json\/wp\/v2\/users\/12"}],"replies":[{"embeddable":true,"href":"https:\/\/alzira.es\/es\/wp-json\/wp\/v2\/comments?post=33314"}],"version-history":[{"count":0,"href":"https:\/\/alzira.es\/es\/wp-json\/wp\/v2\/posts\/33314\/revisions"}],"wp:featuredmedia":[{"embeddable":true,"href":"https:\/\/alzira.es\/es\/wp-json\/wp\/v2\/media\/33287"}],"wp:attachment":[{"href":"https:\/\/alzira.es\/es\/wp-json\/wp\/v2\/media?parent=33314"}],"wp:term":[{"taxonomy":"category","embeddable":true,"href":"https:\/\/alzira.es\/es\/wp-json\/wp\/v2\/categories?post=33314"},{"taxonomy":"post_tag","embeddable":true,"href":"https:\/\/alzira.es\/es\/wp-json\/wp\/v2\/tags?post=33314"}],"curies":[{"name":"wp","href":"https:\/\/api.w.org\/{rel}","templated":true}]}}