{"id":32997,"date":"2018-09-10T09:43:00","date_gmt":"2018-09-10T07:43:00","guid":{"rendered":"https:\/\/alzira.es\/public-el-mati-d-a-punt-10-de-setembre\/"},"modified":"2018-09-10T09:43:00","modified_gmt":"2018-09-10T07:43:00","slug":"public-el-mati-d-a-punt-10-de-setembre","status":"publish","type":"post","link":"https:\/\/alzira.es\/es\/public-el-mati-d-a-punt-10-de-setembre\/","title":{"rendered":"P\u00fablic El Mat\u00ed \u00c0 Punt 10 de setembre"},"content":{"rendered":"<p><a href=\"https:\/\/alzira.es\/wp-content\/uploads\/2018\/09\/Autoritzacio_drets_major_i__menor.pdf\" target=\"_blank\" rel=\"noopener\">Descarrega ac\u00ed la autoritzaci\u00f3 per a adults i menors<\/a><\/p>\n<p style=\"text-align: center;\"><a href=\"https:\/\/alzira.es\/wp-content\/uploads\/2018\/09\/elmatiapunt-01.jpg\" target=\"_blank\" rel=\"noopener\"><img fetchpriority=\"high\" decoding=\"async\" class=\" size-full wp-image-32987\" title=\"El mat\u00ed \u00e0 punt\" src=\"https:\/\/alzira.es\/wp-content\/uploads\/2018\/09\/elmatiapunt-01.jpg\" alt=\"elmatiapunt-01\" width=\"600\" height=\"504\" srcset=\"https:\/\/alzira.es\/wp-content\/uploads\/2018\/09\/elmatiapunt-01.jpg 2481w, https:\/\/alzira.es\/wp-content\/uploads\/2018\/09\/elmatiapunt-01-607x510.jpg 607w, https:\/\/alzira.es\/wp-content\/uploads\/2018\/09\/elmatiapunt-01-1276x1072.jpg 1276w, https:\/\/alzira.es\/wp-content\/uploads\/2018\/09\/elmatiapunt-01-768x645.jpg 768w, https:\/\/alzira.es\/wp-content\/uploads\/2018\/09\/elmatiapunt-01-1536x1290.jpg 1536w, https:\/\/alzira.es\/wp-content\/uploads\/2018\/09\/elmatiapunt-01-2048x1720.jpg 2048w\" sizes=\"(max-width: 600px) 100vw, 600px\" \/><\/a><\/p>\n","protected":false},"excerpt":{"rendered":"<p>Descarrega ac\u00ed la autoritzaci\u00f3 per a adults i menors<\/p>\n","protected":false},"author":36,"featured_media":0,"comment_status":"","ping_status":"","sticky":false,"template":"","format":"standard","meta":{"_acf_changed":false,"footnotes":""},"categories":[],"tags":[],"class_list":["post-32997","post","type-post","status-publish","format-standard","hentry"],"acf":[],"_links":{"self":[{"href":"https:\/\/alzira.es\/es\/wp-json\/wp\/v2\/posts\/32997","targetHints":{"allow":["GET"]}}],"collection":[{"href":"https:\/\/alzira.es\/es\/wp-json\/wp\/v2\/posts"}],"about":[{"href":"https:\/\/alzira.es\/es\/wp-json\/wp\/v2\/types\/post"}],"author":[{"embeddable":true,"href":"https:\/\/alzira.es\/es\/wp-json\/wp\/v2\/users\/36"}],"replies":[{"embeddable":true,"href":"https:\/\/alzira.es\/es\/wp-json\/wp\/v2\/comments?post=32997"}],"version-history":[{"count":0,"href":"https:\/\/alzira.es\/es\/wp-json\/wp\/v2\/posts\/32997\/revisions"}],"wp:attachment":[{"href":"https:\/\/alzira.es\/es\/wp-json\/wp\/v2\/media?parent=32997"}],"wp:term":[{"taxonomy":"category","embeddable":true,"href":"https:\/\/alzira.es\/es\/wp-json\/wp\/v2\/categories?post=32997"},{"taxonomy":"post_tag","embeddable":true,"href":"https:\/\/alzira.es\/es\/wp-json\/wp\/v2\/tags?post=32997"}],"curies":[{"name":"wp","href":"https:\/\/api.w.org\/{rel}","templated":true}]}}