{"id":32455,"date":"2018-07-26T19:00:00","date_gmt":"2018-07-26T17:00:00","guid":{"rendered":"https:\/\/alzira.es\/rolece-jornada-formativa-que-tindra-lloc-el-proper-dijous-26-de-juliol-a-les-19-00-h-al-salo-plenari-de-la-4a-planta\/"},"modified":"2018-07-26T19:00:00","modified_gmt":"2018-07-26T17:00:00","slug":"rolece-jornada-formativa-que-tindra-lloc-el-proper-dijous-26-de-juliol-a-les-19-00-h-al-salo-plenari-de-la-4a-planta","status":"publish","type":"post","link":"https:\/\/alzira.es\/es\/rolece-jornada-formativa-que-tindra-lloc-el-proper-dijous-26-de-juliol-a-les-19-00-h-al-salo-plenari-de-la-4a-planta\/","title":{"rendered":"ROLECE: Jornada formativa que tindr\u00e0 lloc el proper dijous 26 de juliol a les 19:00 h al sal\u00f3 plenari  de la 4a Planta"},"content":{"rendered":"<p style=\"line-height: 150%; background: white;\"><span style=\"font-family: Arial, sans-serif; color: #1f4e79;\">Des de l\u2019Ajuntament d\u2019Alzira vos fem arribar informaci\u00f3 important relacionada amb la nova <strong>normativa de contractaci\u00f3 que obliga els licitadors<\/strong> que es presenten a processos de contractaci\u00f3 en l&#8217;Administraci\u00f3 realitzats a trav\u00e9s<\/span><span style=\"font-family: Arial, sans-serif; color: #1f497d;\"> d\u2019<\/span><span style=\"font-family: Arial, sans-serif; color: #1f4e79;\">un <a href=\"https:\/\/is.ua.es\/es\/documentos\/procedimiento-abierto-simplificado.pdf\">procediment obert simplificat<\/a><\/span><strong><span style=\"font-family: Arial, sans-serif; color: #1f4e79;\">a estar inscrits en el<\/span><\/strong><span style=\"font-family: Arial, sans-serif; color: #1f4e79;\"> Registre Oficial de Licitadors i Empreses Classificades de l\u2019Estat (<strong>ROLECE<\/strong>) <\/span><span style=\"font-family: Arial, sans-serif; color: #1f497d;\">que <\/span><span style=\"font-family: Arial, sans-serif; color: #1f4e79;\">dep\u00e9n del Ministeri d&#8217;Hisenda i Administracions P\u00fabliques<\/span><span style=\"font-family: Arial, sans-serif; color: #1f497d;\">, tal com disposa l\u2019article 159.4-a&nbsp; de la<\/span><span style=\"font-family: Arial, sans-serif; color: #1f4e79;\">&nbsp;<a href=\"https:\/\/www.boe.es\/buscar\/act.php?id=BOE-A-2017-12902\" target=\"_blank\" rel=\"noopener\"><span style=\"color: #033160;\">Llei 9\/2017, de 8 de novembre<\/span><\/a>, de Contractes del Sector P\u00fablic<\/span><span style=\"font-family: Arial, sans-serif; color: #1f497d;\">. <\/span><\/p>\n<p style=\"line-height: 150%; background: white;\"><span style=\"font-family: Arial, sans-serif; color: #1f497d;\">Per a la resta de procediments de contractaci\u00f3 de superior quantia que convoque este Ajuntament, no resulta preceptiu este tr\u00e0mit, per\u00f2 s\u00ed convenient.<\/span><\/p>\n<p style=\"line-height: 150%; background: white;\"><span style=\"font-family: Arial, sans-serif; color: #1f497d;\">L\u2019Ajuntament podr\u00e0 acordar la utilitzaci\u00f3 de l\u2019esmentat procediment obert simplificat quan el valor estimat del contracte <strong>d\u2019obra siga igual o inferior a 2.000.000\u20ac o 100.000\u20ac en el cas de contractes de subministrament o serveis<\/strong>, \u00e9s a dir, la immensa majoria de contractes que formalitza este Ajuntament. <\/span><\/p>\n<p style=\"line-height: 150%; background: white;\"><span style=\"font-family: Arial, sans-serif; color: #1f4e79;\">Sense<\/span><span style=\"font-family: Arial, sans-serif; color: #1f497d;\"> el compliment de l\u2019esmentat registre, no ser\u00e0 possible contractar amb qualsevol administraci\u00f3 p\u00fablica mitjan\u00e7ant el procediment obert simplificat,<\/span><strong><span style=\"font-family: Arial, sans-serif; color: #1f4e79;\"> a partir del 9 de setembre<\/span><\/strong><span style=\"font-family: Arial, sans-serif; color: #1f4e79;\">.<\/span><\/p>\n<p style=\"line-height: 150%; background: white;\"><span style=\"font-family: Arial, sans-serif; color: #1f4e79;\">Per tal de facilitar el procediment, l\u2019Ajuntament ha organitzat una <strong>jornada formativa que tindr\u00e0 lloc el<\/strong><\/span><strong><span style=\"font-family: Arial, sans-serif; color: #1f497d;\"> proper dijous<\/span><\/strong><strong><span style=\"font-family: Arial, sans-serif; color: #1f4e79;\"> 2<\/span><\/strong><strong><span style=\"font-family: Arial, sans-serif; color: #1f497d;\">6<\/span><\/strong><strong><span style=\"font-family: Arial, sans-serif; color: #1f4e79;\"> de juliol a les 19:00 h<\/span><\/strong><span style=\"font-family: Arial, sans-serif; color: #1f4e79;\"> al sal\u00f3 plenari&nbsp; de la <\/span><span style=\"font-family: Arial, sans-serif; color: #365f91;\">4<\/span><span style=\"font-family: Arial, sans-serif; color: #365f91;\">a<\/span><span style=\"font-family: Arial, sans-serif; color: #1f4e79;\"> Planta.<\/span><\/p>\n<p style=\"line-height: 150%; background: white;\"><span style=\"font-family: Arial, sans-serif; color: #1f497d;\">Podeu consultar la&nbsp;<\/span><span style=\"font-family: Arial, sans-serif; color: #1f497d;\"><a href=\"https:\/\/alzira.es\/wp-content\/uploads\/2018\/07\/ROLECE-MAN-Manual-Tramitacion-de-ExpedientesV3_1.pdf\">guia<\/a><\/span><span style=\"font-family: Arial, sans-serif; color: #1f4e79;\"> del Ministeri <\/span><span style=\"font-family: Arial, sans-serif; color: #1f497d;\">sobre el proc\u00e9s d\u2019inscripci\u00f3, el document de <a href=\"https:\/\/alzira.es\/wp-content\/uploads\/2018\/07\/ROLECE-FAQ.pdf\">preguntes freq\u00fcents<\/a> o el seg\u00fcent <a href=\"https:\/\/youtu.be\/b0erldiSqOM\">V\u00eddeo explicatiu<\/a>.<\/span><\/p>\n<p style=\"line-height: 150%; background: white; margin-left: 60px;\"><span style=\"font-family: Arial, sans-serif; color: #1f497d;\"><a style=\"color: #1a0dab; cursor: pointer; font-family: Verdana; font-size: 13.6px; text-align: justify;\" href=\"https:\/\/sedeelectronica.alzira.es\/PortalCiudadano\/redirect.do?destino=YUhSMGNEb3ZMM2QzZHk1dGFXNW9ZV1p3TG1kdllpNWxjeTlsY3kxRlV5OUJjbVZoY3lVeU1GUmxiV0YwYVdOaGN5OVFZWFJ5YVcxdgpibWx2SlRJd1pHVnNKVEl3UlhOMFlXUnZMME52Ym5SeVlYUmhZMmx2YmlVeU1HUmxiQ1V5TUZObFkzUnZjaVV5TUZCMVlteHBZMjh2ClVHRm5hVzVoY3k5U1QweEZRMFV1WVhOd2VBPT0K&amp;esapiEnc=true\" target=\"_blank\" rel=\"noopener\">Per a iniciar el proc\u00e9s de registre, polse ac\u00ed<\/a><br style=\"font-family: Verdana; font-size: 13.6px; text-align: justify;\" \/><br style=\"font-family: Verdana; font-size: 13.6px; text-align: justify;\" \/><a style=\"color: #1a0dab; cursor: pointer; font-family: Verdana; font-size: 13.6px; text-align: justify;\" href=\"https:\/\/sedeelectronica.alzira.es\/PortalCiudadano\/redirect.do?destino=YUhSMGNEb3ZMM2QzZHk1aGJIcHBjbUV1WlhNdllXeDZhWEpoWDNad2JTOWpiMjUwWlc1cFpHOXpMMlJ2WTNWdFpXNTBjMTlzYVc1cgpMMUpQVEVWRFJTMU5RVTR0VFdGdWRXRnNJRlJ5WVcxcGRHRmphVzl1SUdSbElFVjRjR1ZrYVdWdWRHVnpWak5mTVM1d1pHWT0K&amp;esapiEnc=true\" target=\"_blank\" rel=\"noopener\">Manual ROLECE<\/a><br style=\"font-family: Verdana; font-size: 13.6px; text-align: justify;\" \/><br style=\"font-family: Verdana; font-size: 13.6px; text-align: justify;\" \/><a style=\"color: #1a0dab; cursor: pointer; font-family: Verdana; font-size: 13.6px; text-align: justify;\" href=\"https:\/\/sedeelectronica.alzira.es\/PortalCiudadano\/redirect.do?destino=YUhSMGNEb3ZMM2QzZHk1aGJIcHBjbUV1WlhNdllXeDZhWEpoWDNad2JTOWpiMjUwWlc1cFpHOXpMMlJ2WTNWdFpXNTBjMTlzYVc1cgpMMUpQVEVWRFJTMUdRVkV1Y0dSbQo=&amp;esapiEnc=true\" target=\"_blank\" rel=\"noopener\">FAQ&#8217;s ROLECE<\/a><\/span><\/p>\n<p style=\"line-height: 150%; background: white; text-align: center;\"><a class=\"jcepopup\" title=\"ROLECE\" type=\"image\" href=\"https:\/\/alzira.es\/wp-content\/uploads\/2018\/07\/normativaROLECE_2.pdf\" target=\"_blank\" rel=\"noopener\"><span style=\"font-family: Arial, sans-serif; color: #1f497d;\"><img fetchpriority=\"high\" decoding=\"async\" class=\" size-full wp-image-32451\" title=\"ROLECE\" src=\"https:\/\/alzira.es\/wp-content\/uploads\/2018\/07\/inscripcio_rolece-01_1.jpg\" alt=\"inscripcio rolece-01 1\" width=\"800\" height=\"1546\" \/><\/span><\/a><\/p>\n","protected":false},"excerpt":{"rendered":"<p>Des de l\u2019Ajuntament d\u2019Alzira vos fem arribar informaci\u00f3 important relacionada amb la nova normativa de contractaci\u00f3 que obliga els licitadors que es presenten a processos de contractaci\u00f3 en l&#8217;Administraci\u00f3 realitzats a trav\u00e9s d\u2019un procediment obert simplificata estar inscrits en el Registre Oficial de Licitadors i Empreses Classificades de l\u2019Estat (ROLECE) que dep\u00e9n del Ministeri d&#8217;Hisenda &hellip; <\/p>\n<p class=\"link-more\"><a href=\"https:\/\/alzira.es\/es\/rolece-jornada-formativa-que-tindra-lloc-el-proper-dijous-26-de-juliol-a-les-19-00-h-al-salo-plenari-de-la-4a-planta\/\" class=\"more-link\">Continuar leyendo<span class=\"screen-reader-text\"> \u00abROLECE: Jornada formativa que tindr\u00e0 lloc el proper dijous 26 de juliol a les 19:00 h al sal\u00f3 plenari  de la 4a Planta\u00bb<\/span><\/a><\/p>\n","protected":false},"author":29,"featured_media":61782,"comment_status":"","ping_status":"","sticky":false,"template":"","format":"standard","meta":{"_acf_changed":false,"footnotes":""},"categories":[],"tags":[],"class_list":["post-32455","post","type-post","status-publish","format-standard","has-post-thumbnail","hentry"],"acf":[],"_links":{"self":[{"href":"https:\/\/alzira.es\/es\/wp-json\/wp\/v2\/posts\/32455","targetHints":{"allow":["GET"]}}],"collection":[{"href":"https:\/\/alzira.es\/es\/wp-json\/wp\/v2\/posts"}],"about":[{"href":"https:\/\/alzira.es\/es\/wp-json\/wp\/v2\/types\/post"}],"author":[{"embeddable":true,"href":"https:\/\/alzira.es\/es\/wp-json\/wp\/v2\/users\/29"}],"replies":[{"embeddable":true,"href":"https:\/\/alzira.es\/es\/wp-json\/wp\/v2\/comments?post=32455"}],"version-history":[{"count":0,"href":"https:\/\/alzira.es\/es\/wp-json\/wp\/v2\/posts\/32455\/revisions"}],"wp:featuredmedia":[{"embeddable":true,"href":"https:\/\/alzira.es\/es\/wp-json\/wp\/v2\/media\/61782"}],"wp:attachment":[{"href":"https:\/\/alzira.es\/es\/wp-json\/wp\/v2\/media?parent=32455"}],"wp:term":[{"taxonomy":"category","embeddable":true,"href":"https:\/\/alzira.es\/es\/wp-json\/wp\/v2\/categories?post=32455"},{"taxonomy":"post_tag","embeddable":true,"href":"https:\/\/alzira.es\/es\/wp-json\/wp\/v2\/tags?post=32455"}],"curies":[{"name":"wp","href":"https:\/\/api.w.org\/{rel}","templated":true}]}}