{"id":32236,"date":"2018-07-10T18:27:05","date_gmt":"2018-07-10T16:27:05","guid":{"rendered":"https:\/\/alzira.es\/la-generalitat-invertira-200-millones-de-euros-en-la-construccion-y-rehabilitacion-de-sedes-judiciales\/"},"modified":"2018-07-10T18:27:05","modified_gmt":"2018-07-10T16:27:05","slug":"la-generalitat-invertira-200-millones-de-euros-en-la-construccion-y-rehabilitacion-de-sedes-judiciales","status":"publish","type":"post","link":"https:\/\/alzira.es\/es\/la-generalitat-invertira-200-millones-de-euros-en-la-construccion-y-rehabilitacion-de-sedes-judiciales\/","title":{"rendered":"La Generalitat invertir\u00e1 200 millones de euros en la construcci\u00f3n y rehabilitaci\u00f3n de sedes judiciales"},"content":{"rendered":"<p class=\"Header\"><span style=\"font-family: 'Times New Roman', serif;\">Plan de Infraestructuras<\/span><\/p>\n<p class=\"Header\" style=\"text-align: justify;\"><strong><span style=\"font-size: 17pt; font-family: 'Times New Roman', serif;\">La Generalitat invertir\u00e1 200 millones de euros en la construcci\u00f3n y rehabilitaci\u00f3n de sedes judiciales<\/span><\/strong><\/p>\n<p class=\"Header\" style=\"text-align: justify;\"><span style=\"font-family: 'Times New Roman', serif;\">El president ha recalcado que la ciudadan\u00eda debe de tener el acceso a una justicia eficiente y \u201cen igualdad de condiciones\u201d<\/span><\/p>\n<p class=\"Header\" style=\"text-align: justify;\"><span style=\"font-family: 'Times New Roman', serif;\">La consellera ha destacado la partida de 53 millones para la construcci\u00f3n de una Ciudad de la Justicia en Alicante<\/span><\/p>\n<p class=\"p1\" style=\"text-align: justify;\"><strong><span style=\"font-size: 12pt; font-family: 'Times New Roman', serif;\">Val\u00e8ncia (10.07.18). <\/span><\/strong><span style=\"font-size: 12pt; font-family: 'Times New Roman', serif;\">La Generalitat invertir\u00e1 200 millones de euros en la construcci\u00f3n y rehabilitaci\u00f3n integral de sedes judiciales, as\u00ed como en medidas de eficiencia energ\u00e9tica y en la mejora de la seguridad y el mantenimiento de los edificios.<\/span><\/p>\n<p class=\"p1\" style=\"text-align: justify;\"><span style=\"font-size: 12pt; font-family: 'Times New Roman', serif;\">As\u00ed lo han explicado el president de la Generalitat, Ximo Puig, y la consellera de Justicia, Administraci\u00f3n P\u00fablica y Reformas Democr\u00e1ticas, Gabriela Bravo, en la presentaci\u00f3n del Plan de Infraestructuras Judiciales para la Comunitat Valenciana.<\/span><\/p>\n<p class=\"p1\" style=\"text-align: justify;\"><span style=\"font-size: 12pt; font-family: 'Times New Roman', serif;\">Este plan, seg\u00fan ha se\u00f1alado la consellera, pretende impulsar un sistema de justicia \u201cmoderno, sostenible, seguro, eficiente y eficaz\u201d mediante el fomento de unas infraestructuras \u201cdignas\u201d.<\/span><\/p>\n<p class=\"p1\" style=\"text-align: justify;\"><span style=\"font-size: 12pt; font-family: 'Times New Roman', serif;\">El jefe del Consell, asimismo, ha hecho hincapi\u00e9 en la necesidad de \u201creparar los derechos a trav\u00e9s de la inversi\u00f3n\u201d, al tiempo que ha se\u00f1alado la importancia de que la ciudadan\u00eda tenga el acceso \u201cen igualdad de condiciones\u201d a una justicia \u201ceficiente\u201d.<\/span><\/p>\n<p class=\"p1\" style=\"text-align: justify;\"><span style=\"font-size: 12pt; font-family: 'Times New Roman', serif;\">Este plan de inversiones para el periodo 2017-2021 tiene, como ha explicado Puig, tres objetivos. Por una parte, dotar a la ciudadan\u00eda de una atenci\u00f3n \u201cdigna\u201d, ya que, como ha recordado, un mill\u00f3n de personas se encuentran afectadas por procesos judiciales en la Comunitat Valenciana.<\/span><\/p>\n<p class=\"p1\" style=\"text-align: justify;\"><span style=\"font-size: 12pt; font-family: 'Times New Roman', serif;\">Por otra parte, el plan pretende, en palabras del president, \u201ccoser la administraci\u00f3n de justicia\u201d para que \u201cel territorio no marque la diferencia\u00bb de la atenci\u00f3n, as\u00ed como dotar a los profesionales de \u201cmedios dignos\u201d para realizar su trabajo.<\/span><\/p>\n<p class=\"p1\" style=\"text-align: justify;\"><span style=\"font-size: 12pt; font-family: 'Times New Roman', serif;\">De entre las medidas del plan, tanto Puig como Bravo han incidido en la partida de 53 millones de euros destinada a la construcci\u00f3n de la Ciudad de Justicia de Alicante. En este sentido, la consellera ha calificado de \u201cinconcebible\u201d que la segunda ciudad de la Comunitat Valenciana a\u00fan no disponga de una ciudad de la justicia.<\/span><\/p>\n<p class=\"p1\" style=\"text-align: justify;\"><span style=\"font-size: 12pt; font-family: 'Times New Roman', serif;\">Puig, adem\u00e1s, ha asegurado que el Consell considera \u201cprioritarias\u201d las pol\u00edticas judiciales. As\u00ed, ha recordado que el presupuesto de 2018 dedicado a la justicia ha sido el m\u00e1s alto de la historia, un 22% superior al de 2015, que se han incrementado los planes de refuerzo de personal en un 190% respecto a este a\u00f1o tambi\u00e9n o que se ha implantado un nuevo modelo de justicia gratuita y las oficinas de atenci\u00f3n a las v\u00edctimas.<\/span><\/p>\n<p class=\"p1\" style=\"text-align: justify;\"><strong><span style=\"font-size: 12pt; font-family: 'Times New Roman', serif;\">\u2018La nueva cara de la justicia\u2019<\/span><\/strong><\/p>\n<p class=\"p1\" style=\"text-align: justify;\"><span style=\"font-size: 12pt; font-family: 'Times New Roman', serif;\">El plan, que lleva por t\u00edtulo \u2018La nueva cara de la justicia\u2019, plantea la construcci\u00f3n de nuevas sedes judiciales en Alicante, Gandia (juzgado y fiscal\u00eda), Torrent, La Vila Joiosa, Mislata, Orihuela, Sueca, Alzira, Ll\u00edria, X\u00e0tiva, as\u00ed como la rehabilitaci\u00f3n integral de las sedes del Tribunal Superior de Justicia de la Comunitat Valenciana, y los juzgados de Benal\u00faa en Alicante, Ontinyent, Nules, Vinar\u00f2s y Torrevieja.<\/span><\/p>\n<p class=\"p1\" style=\"text-align: justify;\"><span style=\"font-size: 12pt; font-family: 'Times New Roman', serif;\">Concretamente en el caso de Alzira se destinar\u00e1 una inversi\u00f3n de 14 millones de euros para la construcci\u00f3n del Palacio de la Justicia, que albergar\u00e1 los 7 juzgados y la sede de Fiscal\u00eda ahora repartidos en tres edificios. El proyecto se licitar\u00e1 el pr\u00f3ximo mes de agosto y la finalizaci\u00f3n de la obra se prev\u00e9 para marzo de 2020. El alcalde de Alzira, Diego G\u00f3mez, presente en el acto de presentaci\u00f3n asegura, \u201cSe trata de una infraestructura muy necesaria dadas las condiciones que tienen las actuales sedes judiciales y demandada desde hace muchos a\u00f1os. Este proyecto servir\u00e1 para mejorar el servicio a la ciudadan\u00eda y las condiciones laborales de los profesionales de la justicia\u201d.<\/span><\/p>\n<p class=\"p1\" style=\"text-align: justify;\"><span style=\"font-size: 12pt; font-family: 'Times New Roman', serif;\">Adem\u00e1s, con Plan de Infraestructuras Judiciales para la Comunitat Valenciana se dedicar\u00e1n m\u00e1s de 13 millones para mejoras en los sistemas de seguridad y el mantenimiento.<\/span><\/p>\n<p class=\"p1\" style=\"text-align: justify;\"><span style=\"font-size: 12pt; font-family: 'Times New Roman', serif;\">En total, como ha explicado Gabriela Bravo, se intervendr\u00e1 en una de cada cuatro sedes judiciales, y en m\u00e1s del 60% si se tienen en cuenta tambi\u00e9n las actuaciones en materia de eficiencia energ\u00e9tica.<\/span><\/p>\n<p class=\"p1\" style=\"text-align: center;\"><a class=\"jcepopup\" title=\"La Generalitat invertir\u00e1 200 millones de euros en la construcci\u00f3n y rehabilitaci\u00f3n de sedes judiciales\" href=\"https:\/\/alzira.es\/wp-content\/uploads\/2018\/07\/FOTO_2_PLAN_INFRAESTRUCTURAS_JUDICIALES.jpg\" target=\"_blank\" rel=\"noopener\"><span style=\"font-size: 12pt; font-family: 'Times New Roman', serif;\"><img fetchpriority=\"high\" decoding=\"async\" class=\" size-full wp-image-32233\" title=\"La Generalitat invertir\u00e1 200 millones de euros en la construcci\u00f3n y rehabilitaci\u00f3n de sedes judiciales\" src=\"https:\/\/alzira.es\/wp-content\/uploads\/2018\/07\/FOTO_2_PLAN_INFRAESTRUCTURAS_JUDICIALES.jpg\" alt=\"FOTO 2 PLAN INFRAESTRUCTURAS JUDICIALES\" width=\"600\" height=\"326\" srcset=\"https:\/\/alzira.es\/wp-content\/uploads\/2018\/07\/FOTO_2_PLAN_INFRAESTRUCTURAS_JUDICIALES.jpg 1575w, https:\/\/alzira.es\/wp-content\/uploads\/2018\/07\/FOTO_2_PLAN_INFRAESTRUCTURAS_JUDICIALES-680x370.jpg 680w, https:\/\/alzira.es\/wp-content\/uploads\/2018\/07\/FOTO_2_PLAN_INFRAESTRUCTURAS_JUDICIALES-1430x778.jpg 1430w, https:\/\/alzira.es\/wp-content\/uploads\/2018\/07\/FOTO_2_PLAN_INFRAESTRUCTURAS_JUDICIALES-768x418.jpg 768w, https:\/\/alzira.es\/wp-content\/uploads\/2018\/07\/FOTO_2_PLAN_INFRAESTRUCTURAS_JUDICIALES-1536x836.jpg 1536w\" sizes=\"(max-width: 600px) 100vw, 600px\" \/><\/span><\/a><\/p>\n","protected":false},"excerpt":{"rendered":"<p>Plan de Infraestructuras La Generalitat invertir\u00e1 200 millones de euros en la construcci\u00f3n y rehabilitaci\u00f3n de sedes judiciales El president ha recalcado que la ciudadan\u00eda debe de tener el acceso a una justicia eficiente y \u201cen igualdad de condiciones\u201d La consellera ha destacado la partida de 53 millones para la construcci\u00f3n de una Ciudad de &hellip; <\/p>\n<p class=\"link-more\"><a href=\"https:\/\/alzira.es\/es\/la-generalitat-invertira-200-millones-de-euros-en-la-construccion-y-rehabilitacion-de-sedes-judiciales\/\" class=\"more-link\">Continuar leyendo<span class=\"screen-reader-text\"> \u00abLa Generalitat invertir\u00e1 200 millones de euros en la construcci\u00f3n y rehabilitaci\u00f3n de sedes judiciales\u00bb<\/span><\/a><\/p>\n","protected":false},"author":29,"featured_media":32234,"comment_status":"","ping_status":"","sticky":false,"template":"","format":"standard","meta":{"_acf_changed":false,"footnotes":""},"categories":[1893],"tags":[],"class_list":["post-32236","post","type-post","status-publish","format-standard","has-post-thumbnail","hentry","category-hemeroteca"],"acf":[],"_links":{"self":[{"href":"https:\/\/alzira.es\/es\/wp-json\/wp\/v2\/posts\/32236","targetHints":{"allow":["GET"]}}],"collection":[{"href":"https:\/\/alzira.es\/es\/wp-json\/wp\/v2\/posts"}],"about":[{"href":"https:\/\/alzira.es\/es\/wp-json\/wp\/v2\/types\/post"}],"author":[{"embeddable":true,"href":"https:\/\/alzira.es\/es\/wp-json\/wp\/v2\/users\/29"}],"replies":[{"embeddable":true,"href":"https:\/\/alzira.es\/es\/wp-json\/wp\/v2\/comments?post=32236"}],"version-history":[{"count":0,"href":"https:\/\/alzira.es\/es\/wp-json\/wp\/v2\/posts\/32236\/revisions"}],"wp:featuredmedia":[{"embeddable":true,"href":"https:\/\/alzira.es\/es\/wp-json\/wp\/v2\/media\/32234"}],"wp:attachment":[{"href":"https:\/\/alzira.es\/es\/wp-json\/wp\/v2\/media?parent=32236"}],"wp:term":[{"taxonomy":"category","embeddable":true,"href":"https:\/\/alzira.es\/es\/wp-json\/wp\/v2\/categories?post=32236"},{"taxonomy":"post_tag","embeddable":true,"href":"https:\/\/alzira.es\/es\/wp-json\/wp\/v2\/tags?post=32236"}],"curies":[{"name":"wp","href":"https:\/\/api.w.org\/{rel}","templated":true}]}}