{"id":32154,"date":"2018-07-09T09:07:06","date_gmt":"2018-07-09T07:07:06","guid":{"rendered":"https:\/\/alzira.es\/esta-semana-se-realizara-un-nuevo-tratamiento-preventivo-para-el-control-del-mosquito-tigre\/"},"modified":"2018-07-09T09:07:06","modified_gmt":"2018-07-09T07:07:06","slug":"esta-semana-se-realizara-un-nuevo-tratamiento-preventivo-para-el-control-del-mosquito-tigre","status":"publish","type":"post","link":"https:\/\/alzira.es\/es\/esta-semana-se-realizara-un-nuevo-tratamiento-preventivo-para-el-control-del-mosquito-tigre\/","title":{"rendered":"Esta semana se realizar\u00e1 un nuevo tratamiento preventivo para el control del mosquito tigre"},"content":{"rendered":"<p style=\"text-align: justify; line-height: 150%;\">&nbsp;<strong><span style=\"font-size: 11pt; line-height: 150%; font-family: Arial, sans-serif;\">Alzira, 09 de julio de 2018.- <\/span><\/strong><span style=\"font-size: 11pt; line-height: 150%; font-family: Arial, sans-serif;\">El Ayuntamiento<\/span><span style=\"font-size: 11pt; line-height: 150%; font-family: Arial, sans-serif;\"> de Alzira, desde la concejal\u00eda de Sanidad, informa que esta semana, concretamente los d\u00edas 11, 12 y 13 de julio, los t\u00e9cnicos de la empresa Lok\u00edmica estar\u00e1n en Alzira realizando el tratamiento preventivo para el control del mosquito tigre.<\/span><\/p>\n<p style=\"text-align: justify; line-height: 150%;\">&nbsp;<span style=\"font-size: 11pt; line-height: 150%; font-family: Arial, sans-serif;\">Los tratamientos se centrar\u00e1n especialmente en las urbanizaciones situadas alrededor del casco urbano; zona de La Muntanyeta del Salvador, Vilella, El Rac\u00f3, El Respirall y Santa Mar\u00eda de Bonaire (La Graella).<\/span><\/p>\n<p style=\"text-align: justify; line-height: 150%;\">&nbsp;<span style=\"font-size: 11pt; line-height: 150%; font-family: Arial, sans-serif;\">Esta empresa, licitadora encargada de suministrar el tratamiento, se pondr\u00e1, adem\u00e1s, al alcance de la ciudadan\u00eda para resolver cualquier incidencia que se pueda producir.<\/span><\/p>\n<p style=\"text-align: justify; line-height: 150%;\">&nbsp;<span style=\"font-size: 11pt; line-height: 150%; font-family: Arial, sans-serif;\">Hay que destacar que el mes pasado ya se inici\u00f3 el tratamiento preventivo ante del mosquito tigre en el t\u00e9rmino municipal de Alzira, dentro de la campa\u00f1a gestionada por el Consorcio de la Ribera.<\/span><\/p>\n<p style=\"text-align: justify; line-height: 150%;\">&nbsp;<span style=\"font-size: 11pt; line-height: 150%; font-family: Arial, sans-serif;\">Estos insectos generan serios problemas en nuestra ciudad, tanto por sus dolorosas picaduras como por las enfermedades que pueden transmitir. En este contexto es totalmente necesario tomar medidas conjuntas para controlar sus poblaciones y minimizar sus efectos.<\/span><\/p>\n<p style=\"line-height: 150%;\">&nbsp;<span style=\"font-size: 11pt; line-height: 150%; font-family: Arial, sans-serif;\">Consulta informaci\u00f3n espec\u00edfica al web de la Conselleria de Sanidad Universal y Salud P\u00fablica, <a href=\"http:\/\/www.san.gva.es\/mosquito-tigre\">www.san.gva.es\/mosquito-tigre<\/a>.<\/span><\/p>\n<p style=\"line-height: 150%;\"><span style=\"font-size: 11pt; line-height: 150%; font-family: Arial, sans-serif;\"><\/span><\/p>\n<p style=\"line-height: 150%; text-align: center;\"><a href=\"https:\/\/alzira.es\/wp-content\/uploads\/2018\/07\/mosquito.jpeg\" target=\"_blank\" rel=\"noopener\"><span style=\"font-size: 11pt; line-height: 150%; font-family: Arial, sans-serif;\"><img fetchpriority=\"high\" decoding=\"async\" class=\" size-full wp-image-32152\" src=\"https:\/\/alzira.es\/wp-content\/uploads\/2018\/07\/mosquito.jpeg\" alt=\"mosquito\" width=\"500\" height=\"667\" srcset=\"https:\/\/alzira.es\/wp-content\/uploads\/2018\/07\/mosquito.jpeg 768w, https:\/\/alzira.es\/wp-content\/uploads\/2018\/07\/mosquito-383x510.jpeg 383w\" sizes=\"(max-width: 500px) 100vw, 500px\" \/><\/span><\/a><\/p>\n","protected":false},"excerpt":{"rendered":"<p>&nbsp;Alzira, 09 de julio de 2018.- El Ayuntamiento de Alzira, desde la concejal\u00eda de Sanidad, informa que esta semana, concretamente los d\u00edas 11, 12 y 13 de julio, los t\u00e9cnicos de la empresa Lok\u00edmica estar\u00e1n en Alzira realizando el tratamiento preventivo para el control del mosquito tigre. &nbsp;Los tratamientos se centrar\u00e1n especialmente en las urbanizaciones &hellip; <\/p>\n<p class=\"link-more\"><a href=\"https:\/\/alzira.es\/es\/esta-semana-se-realizara-un-nuevo-tratamiento-preventivo-para-el-control-del-mosquito-tigre\/\" class=\"more-link\">Continuar leyendo<span class=\"screen-reader-text\"> \u00abEsta semana se realizar\u00e1 un nuevo tratamiento preventivo para el control del mosquito tigre\u00bb<\/span><\/a><\/p>\n","protected":false},"author":12,"featured_media":32152,"comment_status":"","ping_status":"","sticky":false,"template":"","format":"standard","meta":{"_acf_changed":false,"footnotes":""},"categories":[1893],"tags":[],"class_list":["post-32154","post","type-post","status-publish","format-standard","has-post-thumbnail","hentry","category-hemeroteca"],"acf":[],"_links":{"self":[{"href":"https:\/\/alzira.es\/es\/wp-json\/wp\/v2\/posts\/32154","targetHints":{"allow":["GET"]}}],"collection":[{"href":"https:\/\/alzira.es\/es\/wp-json\/wp\/v2\/posts"}],"about":[{"href":"https:\/\/alzira.es\/es\/wp-json\/wp\/v2\/types\/post"}],"author":[{"embeddable":true,"href":"https:\/\/alzira.es\/es\/wp-json\/wp\/v2\/users\/12"}],"replies":[{"embeddable":true,"href":"https:\/\/alzira.es\/es\/wp-json\/wp\/v2\/comments?post=32154"}],"version-history":[{"count":0,"href":"https:\/\/alzira.es\/es\/wp-json\/wp\/v2\/posts\/32154\/revisions"}],"wp:featuredmedia":[{"embeddable":true,"href":"https:\/\/alzira.es\/es\/wp-json\/wp\/v2\/media\/32152"}],"wp:attachment":[{"href":"https:\/\/alzira.es\/es\/wp-json\/wp\/v2\/media?parent=32154"}],"wp:term":[{"taxonomy":"category","embeddable":true,"href":"https:\/\/alzira.es\/es\/wp-json\/wp\/v2\/categories?post=32154"},{"taxonomy":"post_tag","embeddable":true,"href":"https:\/\/alzira.es\/es\/wp-json\/wp\/v2\/tags?post=32154"}],"curies":[{"name":"wp","href":"https:\/\/api.w.org\/{rel}","templated":true}]}}