{"id":32037,"date":"2018-07-06T09:02:41","date_gmt":"2018-07-06T07:02:41","guid":{"rendered":"https:\/\/alzira.es\/la-muestra-de-trabajo-2018-cuenta-con-la-escuela-de-teatro-tarumba-joven\/"},"modified":"2018-07-06T09:02:41","modified_gmt":"2018-07-06T07:02:41","slug":"la-muestra-de-trabajo-2018-cuenta-con-la-escuela-de-teatro-tarumba-joven","status":"publish","type":"post","link":"https:\/\/alzira.es\/es\/la-muestra-de-trabajo-2018-cuenta-con-la-escuela-de-teatro-tarumba-joven\/","title":{"rendered":"La Muestra de Trabajo 2018 cuenta con la Escuela de Teatro Tarumba Joven"},"content":{"rendered":"<p style=\"text-align: justify; line-height: 150%;\"><strong><span style=\"font-size: 11pt; line-height: 150%; font-family: Arial, sans-serif;\">Alzira, 06 de julio de 2018.<\/span><\/strong><span style=\"font-size: 11pt; line-height: 150%; font-family: Arial, sans-serif;\">&#8211; La Escuela<\/span><span style=\"font-size: 11pt; line-height: 150%; font-family: Arial, sans-serif;\"> de teatro Tarumba Joven cumple dos a\u00f1os y con dos motivos de celebraci\u00f3n, ya que su primer espect\u00e1culo, Estem fins als<i>&#8230;!!<\/i> ha ganado este a\u00f1o la fase auton\u00f3mica de los Premios Buero de Teatro Joven y uno de sus miembros, Jorge Sanchis, el Premio Nacional del Jurado a su interpretaci\u00f3n en la obra. Igualmente, tambi\u00e9n hay que celebrar la muestra del trabajo desarrollado durante el curso 2018.<\/span><\/p>\n<p style=\"text-align: justify; line-height: 150%;\"><span style=\"font-size: 11pt; line-height: 150%; font-family: Arial, sans-serif;\">Por ello, la Escuela de Teatro Tarumba Joven los invita el pr\u00f3ximo mi\u00e9rcoles 11 de julio a las 20\u2009h en la Casa de la Cultura de Alzira, a la Muestra del Trabajo 2018.<\/span><\/p>\n<p style=\"text-align: justify; line-height: 150%;\"><span style=\"font-size: 11pt; line-height: 150%; font-family: Arial, sans-serif;\">Una muestra donde se presentar\u00e1n siete historias, entre las que se encuentran tres que pertenecen a <i>\u00a1C\u00f3mo mola!<\/i>, una obra del director de la escuela, Jos\u00e9 Antonio Mart\u00ednez, que ya han representado varias promociones de actores del IES Rey en Jaume y que se estrenar\u00e1 en noviembre. El resto de historias, junto a estas tres, engloban un espect\u00e1culo donde se pretende que se vea reflejado el trabajo desarrollado a lo largo de este curso.<\/span><\/p>\n<p style=\"text-align: justify; line-height: 150%;\"><span style=\"font-size: 11pt; line-height: 150%; font-family: Arial, sans-serif;\">Pepe Grau, concejal de Educaci\u00f3n e Infancia, valora la trayectoria de la compa\u00f1\u00eda de teatro: \u201cEs gratificante comprobar que, con tan solos dos a\u00f1os, la Escuela de Teatro Tarumba Joven haya conseguido tantos m\u00e9ritos y la recompensa al esfuerzo realizado. Sin duda, debemos felicitarlos y como no, animarlos a continuar trabajando con la l\u00ednea que llevan, que seguro los har\u00e1 llegar lejos. Aprovecho tambi\u00e9n para invitar a todos y todas a la Muestra de Trabajo del d\u00eda 11 de julio en la Casa de la Cultura\u201d.<\/span><\/p>\n<p style=\"text-align: justify; line-height: 150%;\"><span style=\"font-size: 11pt; line-height: 150%; font-family: Arial, sans-serif;\"><\/span><\/p>\n<p style=\"line-height: 150%; text-align: center;\"><a href=\"https:\/\/alzira.es\/wp-content\/uploads\/2018\/07\/tarumba.jpg\" target=\"_blank\" rel=\"noopener\"><span style=\"font-size: 11pt; line-height: 150%; font-family: Arial, sans-serif;\"><img fetchpriority=\"high\" decoding=\"async\" class=\" size-full wp-image-32034\" src=\"https:\/\/alzira.es\/wp-content\/uploads\/2018\/07\/tarumba.jpg\" alt=\"tarumba\" width=\"500\" height=\"707\" srcset=\"https:\/\/alzira.es\/wp-content\/uploads\/2018\/07\/tarumba.jpg 1131w, https:\/\/alzira.es\/wp-content\/uploads\/2018\/07\/tarumba-361x510.jpg 361w, https:\/\/alzira.es\/wp-content\/uploads\/2018\/07\/tarumba-758x1072.jpg 758w, https:\/\/alzira.es\/wp-content\/uploads\/2018\/07\/tarumba-768x1086.jpg 768w, https:\/\/alzira.es\/wp-content\/uploads\/2018\/07\/tarumba-1086x1536.jpg 1086w\" sizes=\"(max-width: 500px) 100vw, 500px\" \/><\/span><\/a><\/p>\n","protected":false},"excerpt":{"rendered":"<p>Alzira, 06 de julio de 2018.&#8211; La Escuela de teatro Tarumba Joven cumple dos a\u00f1os y con dos motivos de celebraci\u00f3n, ya que su primer espect\u00e1culo, Estem fins als&#8230;!! ha ganado este a\u00f1o la fase auton\u00f3mica de los Premios Buero de Teatro Joven y uno de sus miembros, Jorge Sanchis, el Premio Nacional del Jurado &hellip; <\/p>\n<p class=\"link-more\"><a href=\"https:\/\/alzira.es\/es\/la-muestra-de-trabajo-2018-cuenta-con-la-escuela-de-teatro-tarumba-joven\/\" class=\"more-link\">Continuar leyendo<span class=\"screen-reader-text\"> \u00abLa Muestra de Trabajo 2018 cuenta con la Escuela de Teatro Tarumba Joven\u00bb<\/span><\/a><\/p>\n","protected":false},"author":12,"featured_media":32035,"comment_status":"","ping_status":"","sticky":false,"template":"","format":"standard","meta":{"_acf_changed":false,"footnotes":""},"categories":[1893],"tags":[],"class_list":["post-32037","post","type-post","status-publish","format-standard","has-post-thumbnail","hentry","category-hemeroteca"],"acf":[],"_links":{"self":[{"href":"https:\/\/alzira.es\/es\/wp-json\/wp\/v2\/posts\/32037","targetHints":{"allow":["GET"]}}],"collection":[{"href":"https:\/\/alzira.es\/es\/wp-json\/wp\/v2\/posts"}],"about":[{"href":"https:\/\/alzira.es\/es\/wp-json\/wp\/v2\/types\/post"}],"author":[{"embeddable":true,"href":"https:\/\/alzira.es\/es\/wp-json\/wp\/v2\/users\/12"}],"replies":[{"embeddable":true,"href":"https:\/\/alzira.es\/es\/wp-json\/wp\/v2\/comments?post=32037"}],"version-history":[{"count":0,"href":"https:\/\/alzira.es\/es\/wp-json\/wp\/v2\/posts\/32037\/revisions"}],"wp:featuredmedia":[{"embeddable":true,"href":"https:\/\/alzira.es\/es\/wp-json\/wp\/v2\/media\/32035"}],"wp:attachment":[{"href":"https:\/\/alzira.es\/es\/wp-json\/wp\/v2\/media?parent=32037"}],"wp:term":[{"taxonomy":"category","embeddable":true,"href":"https:\/\/alzira.es\/es\/wp-json\/wp\/v2\/categories?post=32037"},{"taxonomy":"post_tag","embeddable":true,"href":"https:\/\/alzira.es\/es\/wp-json\/wp\/v2\/tags?post=32037"}],"curies":[{"name":"wp","href":"https:\/\/api.w.org\/{rel}","templated":true}]}}