{"id":31902,"date":"2018-06-29T18:42:00","date_gmt":"2018-06-29T16:42:00","guid":{"rendered":"https:\/\/alzira.es\/el-festival-spanish-brass-alzira-celebra-la-17a-edicio-amb-els-millors-instrumentistes-de-vent-metall\/"},"modified":"2018-06-29T18:42:00","modified_gmt":"2018-06-29T16:42:00","slug":"el-festival-spanish-brass-alzira-celebra-la-17a-edicio-amb-els-millors-instrumentistes-de-vent-metall","status":"publish","type":"post","link":"https:\/\/alzira.es\/es\/el-festival-spanish-brass-alzira-celebra-la-17a-edicio-amb-els-millors-instrumentistes-de-vent-metall\/","title":{"rendered":"El Festival Spanish Brass Alzira celebra la 17\u00aa edici\u00f3n con los mejores instrumentistas de viento-metal"},"content":{"rendered":"<p style=\"text-align: justify;\"><strong>Alzira, 29 de junio de 2018. &#8211;<\/strong> El Festival Spanish Brass Alzira llega a su 17\u00aa edici\u00f3n reuniendo los mejores instrumentistas de viento metal de \u00e1mbito internacional. Se celebra del 3 al 7 de julio y est\u00e1 organizado por el Ayuntamiento de Alzira, Spanish Brass y la Sociedad Musical de Alzira. Consta de una parte docente, conciertos y un concurso de composici\u00f3n que este a\u00f1o cumple su V edici\u00f3n.<\/p>\n<p style=\"text-align: justify;\">La concejala de Cultura, Aida Ginestar, manifest\u00f3 que \u00aben verano en Alzira la m\u00fasica es la gran protagonista. En el Festival de M\u00fasica de C\u00e1mara y al Jazz en la Calle se suma el Festival Spanish Brass como colof\u00f3n de la programaci\u00f3n cultural musical. Este festival ya es un cl\u00e1sico y es un referente a nivel internacional\u00bb.<\/p>\n<p style=\"text-align: justify;\">Los conciertos comenzar\u00e1n el 3 de julio con la actuaci\u00f3n de Spanish Brass y Carles D\u00e9nia con la propuesta <em>Mira si hem corregut terres &#8230;<\/em> a las 22.30 horas en la Casa de la Cultura. (Precio 5 \u20ac)<\/p>\n<p style=\"text-align: justify;\">El 4 de julio se realizar\u00e1 el <em>Concert de Professors<\/em>, tambi\u00e9n a las 22.30 horas en la Casa de la Cultura. (Precio 5 \u20ac)<\/p>\n<p style=\"text-align: justify;\">A partir del 5 de julio habr\u00e1 doble sesi\u00f3n de conciertos en la Casa de la Cultura, a las 19 horas y las 22.30 horas. Por la tarde, concierto gratuito con el joven quinteto lituano Amber Brass y por la noche una marat\u00f3n alrededor de la c\u00e9lebre obra <em>El Carnaval de Venecia<\/em>. (Precio 5 \u20ac)<\/p>\n<p style=\"text-align: justify;\">El d\u00eda 6, a las 19 horas en la Casa de la Cultura, tendr\u00e1 lugar el concierto gratuito Emergentes con la trompista Elisa Andreu acompa\u00f1ada al piano por Eglantina Mauger. Y a las 22.30 horas en el Gran Teatro, el concierto de la Banda de la Sociedad Musical de Alzira acompa\u00f1ada por Jacques Mauger al tromb\u00f3n, Jens Lindemann a la trompeta y Spanish Brass. (Precio 5 \u20ac)<\/p>\n<p style=\"text-align: justify;\">El 7 de julio ser\u00e1 el turno del Grup de Metalls de la Sociedad Musical Santa Cecilia de Alc\u00e0sser, una actuaci\u00f3n gratuita que tendr\u00e1 lugar a las 19 horas en la Casa de la Cultura. Clausurar\u00e1 el festival la Sant Andreu Jazz Band acompa\u00f1ada de \u00abLatino\u00bb Blanco al saxo, Carlos Mart\u00edn al tromb\u00f3n y Voro Garc\u00eda a la trompeta a las 22.30 horas en el Gran Teatro. (Precio 5 \u20ac)<\/p>\n<p style=\"text-align: justify;\"><strong>Cursos<\/strong><\/p>\n<p style=\"text-align: justify;\">Otro de los pilares fundamentales del festival es la docencia, para lo cual se cuenta con profesores de renombre internacional como los trompetistas: Jens Lindemann (Canad\u00e1), Luis Gonz\u00e1lez, Juanjo Serna y Carlos Benet\u00f3; los trompistas Mikl\u00f3s Nagy (Hungr\u00eda), Nancy Joy (EE.UU.), Javier Bonet y Manolo P\u00e9rez; los trombonistas Jacques Mauger (Francia), Alberto Urretxo, Carlos Gil y Inda Bonet; y los tubes Arnaud Boukhitine (Francia), Vicente L\u00f3pez y Sergio Finca.<\/p>\n<p style=\"text-align: justify;\">Adem\u00e1s, el festival ha programado conferencias como la que impartir\u00e1 el profesor George Foreman (EE.UU.) sobre Jules Levy y el taller Brass-Apps, <em>tecnolog\u00eda aplicada al estudio del instrumento<\/em> a cargo de Xavier Piquer.<\/p>\n<p style=\"text-align: justify;\"><strong>Concurso de composici\u00f3n<\/strong><\/p>\n<p style=\"text-align: justify;\">El V Concurso Internacional de Composici\u00f3n ha recibido 41 obras. La final se celebrar\u00e1 el pr\u00f3ximo 4 de julio entre Delirio, Micro Tubes y Santander aper.<\/p>\n<p style=\"text-align: justify;\">La entrega de premios se realizar\u00e1 el concierto de clausura del festival el 7 de julio.<\/p>\n<p style=\"text-align: justify;\">&nbsp;<em><strong><a href=\"http:\/\/www.sbalz.com\">www.sbalz.com<\/a><\/strong><\/em><\/p>\n<p style=\"text-align: center;\"><a class=\"jcepopup\" title=\"Festival Spanish Brass Alzira\" href=\"https:\/\/alzira.es\/wp-content\/uploads\/2018\/07\/sbalz2018.jpg\" target=\"_blank\" rel=\"noopener\"><img fetchpriority=\"high\" decoding=\"async\" class=\" size-full wp-image-31853\" title=\"Festival Spanish Brass Alzira\" src=\"https:\/\/alzira.es\/wp-content\/uploads\/2018\/07\/sbalz2018.jpg\" alt=\"sbalz2018\" width=\"800\" height=\"1129\" srcset=\"https:\/\/alzira.es\/wp-content\/uploads\/2018\/07\/sbalz2018.jpg 1771w, https:\/\/alzira.es\/wp-content\/uploads\/2018\/07\/sbalz2018-361x510.jpg 361w, https:\/\/alzira.es\/wp-content\/uploads\/2018\/07\/sbalz2018-759x1072.jpg 759w, https:\/\/alzira.es\/wp-content\/uploads\/2018\/07\/sbalz2018-768x1084.jpg 768w, https:\/\/alzira.es\/wp-content\/uploads\/2018\/07\/sbalz2018-1088x1536.jpg 1088w, https:\/\/alzira.es\/wp-content\/uploads\/2018\/07\/sbalz2018-1451x2048.jpg 1451w\" sizes=\"(max-width: 706px) 89vw, (max-width: 767px) 82vw, 740px\" \/><\/a><\/p>\n","protected":false},"excerpt":{"rendered":"<p>Alzira, 29 de junio de 2018. &#8211; El Festival Spanish Brass Alzira llega a su 17\u00aa edici\u00f3n reuniendo los mejores instrumentistas de viento metal de \u00e1mbito internacional. Se celebra del 3 al 7 de julio y est\u00e1 organizado por el Ayuntamiento de Alzira, Spanish Brass y la Sociedad Musical de Alzira. Consta de una parte &hellip; <\/p>\n<p class=\"link-more\"><a href=\"https:\/\/alzira.es\/es\/el-festival-spanish-brass-alzira-celebra-la-17a-edicio-amb-els-millors-instrumentistes-de-vent-metall\/\" class=\"more-link\">Continuar leyendo<span class=\"screen-reader-text\"> \u00abEl Festival Spanish Brass Alzira celebra la 17\u00aa edici\u00f3n con los mejores instrumentistas de viento-metal\u00bb<\/span><\/a><\/p>\n","protected":false},"author":29,"featured_media":31853,"comment_status":"","ping_status":"","sticky":false,"template":"","format":"standard","meta":{"_acf_changed":false,"footnotes":""},"categories":[1893],"tags":[],"class_list":["post-31902","post","type-post","status-publish","format-standard","has-post-thumbnail","hentry","category-hemeroteca"],"acf":[],"_links":{"self":[{"href":"https:\/\/alzira.es\/es\/wp-json\/wp\/v2\/posts\/31902","targetHints":{"allow":["GET"]}}],"collection":[{"href":"https:\/\/alzira.es\/es\/wp-json\/wp\/v2\/posts"}],"about":[{"href":"https:\/\/alzira.es\/es\/wp-json\/wp\/v2\/types\/post"}],"author":[{"embeddable":true,"href":"https:\/\/alzira.es\/es\/wp-json\/wp\/v2\/users\/29"}],"replies":[{"embeddable":true,"href":"https:\/\/alzira.es\/es\/wp-json\/wp\/v2\/comments?post=31902"}],"version-history":[{"count":0,"href":"https:\/\/alzira.es\/es\/wp-json\/wp\/v2\/posts\/31902\/revisions"}],"wp:featuredmedia":[{"embeddable":true,"href":"https:\/\/alzira.es\/es\/wp-json\/wp\/v2\/media\/31853"}],"wp:attachment":[{"href":"https:\/\/alzira.es\/es\/wp-json\/wp\/v2\/media?parent=31902"}],"wp:term":[{"taxonomy":"category","embeddable":true,"href":"https:\/\/alzira.es\/es\/wp-json\/wp\/v2\/categories?post=31902"},{"taxonomy":"post_tag","embeddable":true,"href":"https:\/\/alzira.es\/es\/wp-json\/wp\/v2\/tags?post=31902"}],"curies":[{"name":"wp","href":"https:\/\/api.w.org\/{rel}","templated":true}]}}