{"id":31831,"date":"2018-06-29T12:17:25","date_gmt":"2018-06-29T10:17:25","guid":{"rendered":"https:\/\/alzira.es\/l-ajuntament-d-alzira-aplica-un-recobriment-de-resina-a-peu-dels-fanals-de-la-ciutat-per-previndre-la-corrosio\/"},"modified":"2018-06-29T12:17:25","modified_gmt":"2018-06-29T10:17:25","slug":"l-ajuntament-d-alzira-aplica-un-recobriment-de-resina-a-peu-dels-fanals-de-la-ciutat-per-previndre-la-corrosio","status":"publish","type":"post","link":"https:\/\/alzira.es\/es\/l-ajuntament-d-alzira-aplica-un-recobriment-de-resina-a-peu-dels-fanals-de-la-ciutat-per-previndre-la-corrosio\/","title":{"rendered":"El Ayuntamiento de Alzira aplica un recubrimiento de resina en el pie de las farolas de la ciudad para prevenir la corrosi\u00f3n"},"content":{"rendered":"<p style=\"text-align: justify;\"><strong>Alzira, 29 de junio de 2018 \u2013<\/strong> Como es habitual durante los \u00faltimos a\u00f1os, desde la concejal\u00eda de Gesti\u00f3n Urban\u00edstica est\u00e1n realiz\u00e1ndose actuaciones para reforzar y proteger las bases de las farolas de la ciudad, para evitar su corrosi\u00f3n, desperfectos ocasionados por el or\u00edn de los perros.<\/p>\n<p style=\"text-align: justify;\">Lamentablemente, el constante efecto del or\u00edn de los perros favorece la oxidaci\u00f3n y corrosi\u00f3n de las bases de las farolas, lo que provoca la p\u00e9rdida de su estabilidad y, finalmente, su ca\u00edda.<\/p>\n<p style=\"text-align: justify;\">Con la finalidad de evitar males mayores o la sustituci\u00f3n de los masteleros, las medidas tratan de incorporar un recubrimiento con un compuesto especial de resina, que a\u00edsla la zona m\u00e1s baja de las farolas afectadas por las continuas deposiciones de or\u00edn de los perros.<\/p>\n<p style=\"text-align: justify;\">En estos momentos las actuaciones se realizan en la calle Catadau, y est\u00e1 previsto continuar por las calles Josefina Fern\u00e1ndez, Padre Pompili, plaza Ana Sanchis y avenida del Parque.<\/p>\n<p style=\"text-align: justify;\">Seg\u00fan declara Fernando Pascual, concejal de Gesti\u00f3n Urban\u00edstica \u00abla instalaci\u00f3n de este sistema de protecci\u00f3n est\u00e1 dando buenos resultados, evitamos as\u00ed la degradaci\u00f3n y el peligro de ca\u00edda de las farolas, al mismo tiempo que restauramos las que ya est\u00e1n afectadas y proporcionamos una mejora en la est\u00e9tica en los viales de la ciudad\u00bb.<\/p>\n<p style=\"text-align: center;\"><a class=\"jcepopup\" title=\"recobriment de resina a peu dels fanals de la ciutat per previndre la corrosi\u00f3\" href=\"https:\/\/alzira.es\/wp-content\/uploads\/2018\/06\/20180628_201510.jpg\" target=\"_blank\" rel=\"noopener\"><img fetchpriority=\"high\" decoding=\"async\" class=\" size-full wp-image-31824\" title=\"recobriment de resina a peu dels fanals de la ciutat per previndre la corrosi\u00f3\" src=\"https:\/\/alzira.es\/wp-content\/uploads\/2018\/06\/20180628_201510.jpg\" alt=\"20180628 201510\" width=\"400\" height=\"300\" srcset=\"https:\/\/alzira.es\/wp-content\/uploads\/2018\/06\/20180628_201510.jpg 1900w, https:\/\/alzira.es\/wp-content\/uploads\/2018\/06\/20180628_201510-680x510.jpg 680w, https:\/\/alzira.es\/wp-content\/uploads\/2018\/06\/20180628_201510-1430x1072.jpg 1430w, https:\/\/alzira.es\/wp-content\/uploads\/2018\/06\/20180628_201510-768x576.jpg 768w, https:\/\/alzira.es\/wp-content\/uploads\/2018\/06\/20180628_201510-1536x1152.jpg 1536w\" sizes=\"(max-width: 400px) 100vw, 400px\" \/><\/a>&nbsp;<a class=\"jcepopup\" style=\"font-size: 14.4px; text-align: center;\" title=\"recobriment de resina a peu dels fanals de la ciutat per previndre la corrosi\u00f3\" type=\"image\" href=\"https:\/\/alzira.es\/wp-content\/uploads\/2018\/06\/20180628_201531.jpg\" target=\"_blank\" rel=\"noopener\"><img decoding=\"async\" class=\"size-full wp-image-31828 lazyload\" title=\"recobriment de resina a peu dels fanals de la ciutat per previndre la corrosi\u00f3\" data-src=\"https:\/\/alzira.es\/wp-content\/uploads\/2018\/06\/20180628_201531.jpg\" alt=\"20180628 201531\" width=\"400\" height=\"300\" data-srcset=\"https:\/\/alzira.es\/wp-content\/uploads\/2018\/06\/20180628_201531.jpg 1900w, https:\/\/alzira.es\/wp-content\/uploads\/2018\/06\/20180628_201531-680x510.jpg 680w, https:\/\/alzira.es\/wp-content\/uploads\/2018\/06\/20180628_201531-1430x1072.jpg 1430w, https:\/\/alzira.es\/wp-content\/uploads\/2018\/06\/20180628_201531-768x576.jpg 768w, https:\/\/alzira.es\/wp-content\/uploads\/2018\/06\/20180628_201531-1536x1152.jpg 1536w\" data-sizes=\"(max-width: 400px) 100vw, 400px\" src=\"data:image\/svg+xml;base64,PHN2ZyB3aWR0aD0iMSIgaGVpZ2h0PSIxIiB4bWxucz0iaHR0cDovL3d3dy53My5vcmcvMjAwMC9zdmciPjwvc3ZnPg==\" style=\"--smush-placeholder-width: 400px; --smush-placeholder-aspect-ratio: 400\/300;\" \/><\/a><\/p>\n","protected":false},"excerpt":{"rendered":"<p>Alzira, 29 de junio de 2018 \u2013 Como es habitual durante los \u00faltimos a\u00f1os, desde la concejal\u00eda de Gesti\u00f3n Urban\u00edstica est\u00e1n realiz\u00e1ndose actuaciones para reforzar y proteger las bases de las farolas de la ciudad, para evitar su corrosi\u00f3n, desperfectos ocasionados por el or\u00edn de los perros. Lamentablemente, el constante efecto del or\u00edn de los &hellip; <\/p>\n<p class=\"link-more\"><a href=\"https:\/\/alzira.es\/es\/l-ajuntament-d-alzira-aplica-un-recobriment-de-resina-a-peu-dels-fanals-de-la-ciutat-per-previndre-la-corrosio\/\" class=\"more-link\">Continuar leyendo<span class=\"screen-reader-text\"> \u00abEl Ayuntamiento de Alzira aplica un recubrimiento de resina en el pie de las farolas de la ciudad para prevenir la corrosi\u00f3n\u00bb<\/span><\/a><\/p>\n","protected":false},"author":29,"featured_media":31825,"comment_status":"","ping_status":"","sticky":false,"template":"","format":"standard","meta":{"_acf_changed":false,"footnotes":""},"categories":[1893],"tags":[],"class_list":["post-31831","post","type-post","status-publish","format-standard","has-post-thumbnail","hentry","category-hemeroteca"],"acf":[],"_links":{"self":[{"href":"https:\/\/alzira.es\/es\/wp-json\/wp\/v2\/posts\/31831","targetHints":{"allow":["GET"]}}],"collection":[{"href":"https:\/\/alzira.es\/es\/wp-json\/wp\/v2\/posts"}],"about":[{"href":"https:\/\/alzira.es\/es\/wp-json\/wp\/v2\/types\/post"}],"author":[{"embeddable":true,"href":"https:\/\/alzira.es\/es\/wp-json\/wp\/v2\/users\/29"}],"replies":[{"embeddable":true,"href":"https:\/\/alzira.es\/es\/wp-json\/wp\/v2\/comments?post=31831"}],"version-history":[{"count":0,"href":"https:\/\/alzira.es\/es\/wp-json\/wp\/v2\/posts\/31831\/revisions"}],"wp:featuredmedia":[{"embeddable":true,"href":"https:\/\/alzira.es\/es\/wp-json\/wp\/v2\/media\/31825"}],"wp:attachment":[{"href":"https:\/\/alzira.es\/es\/wp-json\/wp\/v2\/media?parent=31831"}],"wp:term":[{"taxonomy":"category","embeddable":true,"href":"https:\/\/alzira.es\/es\/wp-json\/wp\/v2\/categories?post=31831"},{"taxonomy":"post_tag","embeddable":true,"href":"https:\/\/alzira.es\/es\/wp-json\/wp\/v2\/tags?post=31831"}],"curies":[{"name":"wp","href":"https:\/\/api.w.org\/{rel}","templated":true}]}}