{"id":29727,"date":"2018-05-04T18:38:07","date_gmt":"2018-05-04T16:38:07","guid":{"rendered":"https:\/\/alzira.es\/s-amplia-l-horari-de-la-biblioteca-municipal-en-epoca-d-examens\/"},"modified":"2018-05-04T18:38:07","modified_gmt":"2018-05-04T16:38:07","slug":"s-amplia-l-horari-de-la-biblioteca-municipal-en-epoca-d-examens","status":"publish","type":"post","link":"https:\/\/alzira.es\/es\/s-amplia-l-horari-de-la-biblioteca-municipal-en-epoca-d-examens\/","title":{"rendered":"Se ampl\u00eda el horario de la Biblioteca Municipal en \u00e9poca de ex\u00e1menes"},"content":{"rendered":"<p style=\"text-align: justify;\">Alzira, 4 de mayo de 2018.- El Ayuntamiento de Alzira, desde la concejal\u00eda de Cultura, ha programado un horario especial para la Biblioteca Municipal ante la llegada de la \u00e9poca de ex\u00e1menes de los estudiantes.<\/p>\n<p style=\"text-align: justify;\">Desde el 7 de mayo hasta el 1 de julio, el horario ser\u00e1 el siguiente:<\/p>\n<p style=\"text-align: justify; margin-left: 30px;\">&#8211; Del lunes a viernes de 9 a 14 h y de 16 a 24 h<br \/>&#8211; S\u00e1bados de 10 a 14 h y de 16 a 24 h<br \/>&#8211; Domingos de 9 a 14 h<\/p>\n<p style=\"text-align: justify;\">La concejala de Cultura, Aida Ginestar, ha destacado: \u00abPensamos que es importante dar un buen servicio de una instalaci\u00f3n municipal como es el caso de la Biblioteca y a la que tanto uso se hace por parte de los estudiantes, sobre todo, en \u00e9poca de ex\u00e1menes. Por ello, hemos considerado imprescindible ampliar el horario, tanto en horas como en d\u00edas. El m\u00e1s destacable es que permanecer\u00e1 abierta desde la tarde hasta las 24 h de la noche, incluso s\u00e1bados, as\u00ed como tambi\u00e9n domingos hasta el mediod\u00eda\u00bb.<\/p>\n<p style=\"text-align: justify;\">&nbsp;<\/p>\n<p style=\"text-align: center;\"><a class=\"jcpeopup\" title=\"S\u2019amplia l\u2019horari de la Biblioteca Municipal en \u00e8poca d\u2019ex\u00e0mens\" href=\"https:\/\/alzira.es\/wp-content\/uploads\/2018\/05\/IMG_4156.jpg\" target=\"_blank\" rel=\"noopener\"><img fetchpriority=\"high\" decoding=\"async\" class=\" size-full wp-image-29725\" title=\"S\u2019amplia l\u2019horari de la Biblioteca Municipal en \u00e8poca d\u2019ex\u00e0mens\" src=\"https:\/\/alzira.es\/wp-content\/uploads\/2018\/05\/IMG_4156.jpg\" alt=\"IMG 4156\" width=\"600\" height=\"400\" \/><\/a><\/p>\n","protected":false},"excerpt":{"rendered":"<p>Alzira, 4 de mayo de 2018.- El Ayuntamiento de Alzira, desde la concejal\u00eda de Cultura, ha programado un horario especial para la Biblioteca Municipal ante la llegada de la \u00e9poca de ex\u00e1menes de los estudiantes. Desde el 7 de mayo hasta el 1 de julio, el horario ser\u00e1 el siguiente: &#8211; Del lunes a viernes &hellip; <\/p>\n<p class=\"link-more\"><a href=\"https:\/\/alzira.es\/es\/s-amplia-l-horari-de-la-biblioteca-municipal-en-epoca-d-examens\/\" class=\"more-link\">Continuar leyendo<span class=\"screen-reader-text\"> \u00abSe ampl\u00eda el horario de la Biblioteca Municipal en \u00e9poca de ex\u00e1menes\u00bb<\/span><\/a><\/p>\n","protected":false},"author":29,"featured_media":29725,"comment_status":"","ping_status":"","sticky":false,"template":"","format":"standard","meta":{"_acf_changed":false,"footnotes":""},"categories":[4936],"tags":[],"class_list":["post-29727","post","type-post","status-publish","format-standard","has-post-thumbnail","hentry","category-hemeroteca-es"],"acf":[],"_links":{"self":[{"href":"https:\/\/alzira.es\/es\/wp-json\/wp\/v2\/posts\/29727","targetHints":{"allow":["GET"]}}],"collection":[{"href":"https:\/\/alzira.es\/es\/wp-json\/wp\/v2\/posts"}],"about":[{"href":"https:\/\/alzira.es\/es\/wp-json\/wp\/v2\/types\/post"}],"author":[{"embeddable":true,"href":"https:\/\/alzira.es\/es\/wp-json\/wp\/v2\/users\/29"}],"replies":[{"embeddable":true,"href":"https:\/\/alzira.es\/es\/wp-json\/wp\/v2\/comments?post=29727"}],"version-history":[{"count":0,"href":"https:\/\/alzira.es\/es\/wp-json\/wp\/v2\/posts\/29727\/revisions"}],"wp:featuredmedia":[{"embeddable":true,"href":"https:\/\/alzira.es\/es\/wp-json\/wp\/v2\/media\/29725"}],"wp:attachment":[{"href":"https:\/\/alzira.es\/es\/wp-json\/wp\/v2\/media?parent=29727"}],"wp:term":[{"taxonomy":"category","embeddable":true,"href":"https:\/\/alzira.es\/es\/wp-json\/wp\/v2\/categories?post=29727"},{"taxonomy":"post_tag","embeddable":true,"href":"https:\/\/alzira.es\/es\/wp-json\/wp\/v2\/tags?post=29727"}],"curies":[{"name":"wp","href":"https:\/\/api.w.org\/{rel}","templated":true}]}}