{"id":28373,"date":"2018-03-07T20:35:57","date_gmt":"2018-03-07T19:35:57","guid":{"rendered":"https:\/\/alzira.es\/dilluns-comenca-la-inscripcio-en-els-tallers-de-pasqua\/"},"modified":"2018-03-07T20:35:57","modified_gmt":"2018-03-07T19:35:57","slug":"dilluns-comenca-la-inscripcio-en-els-tallers-de-pasqua","status":"publish","type":"post","link":"https:\/\/alzira.es\/es\/dilluns-comenca-la-inscripcio-en-els-tallers-de-pasqua\/","title":{"rendered":"El lunes empieza la inscripci\u00f3n en los Talleres de Pascua"},"content":{"rendered":"<p style=\"text-align: justify;\">Alzira 7 de marzo de 2018.- El Ayuntamiento de Alzira, desde el Centro de Informaci\u00f3n Juvenil, informa que a partir del lunes, 12 de marzo, se puede hacer la inscripci\u00f3n para participar en los Talleres de Pascua 2018. Los talleres, con plazas limitadas, se har\u00e1n los d\u00edas 3, 4, 5 y 6 de abril a la Casa de la Cultura.<\/p>\n<p style=\"text-align: justify;\">La entrada en los Talleres es de 9 a 9.30 horas, con opci\u00f3n de escuela madrugadora a las 8 horas y la salida de 13.30 a 14 horas. Tambi\u00e9n hay posibilidad de comedor de 14 a 15 horas.<\/p>\n<p style=\"text-align: justify;\">El precio de los Talleres de Pascua es de 26 euros para el primer hijo\/a inscrito\/a, de 22 euros para el segundo hijo\/a inscrito\/a y de 17 euros para cada ni\u00f1o\/a inscrito\/a (para miembros de familias numerosas y\/o monoparentales, circunstancia que habr\u00e1 que acreditar con el t\u00edtulo oficial).<\/p>\n<p style=\"text-align: justify;\">La inscripci\u00f3n se puede hacer de dos maneras:<\/p>\n<p style=\"margin-left: 30px; text-align: justify;\">-Con cita previa, a partir del 12 de marzo en la web municipal www.alzira.es, seleccionando el bot\u00f3n cita previa que hay en la portada principal y, a continuaci\u00f3n, cita previa Talleres de Pascua 2018. Las inscripciones se har\u00e1n del 14 al 22 de marzo, En el Centro de Informaci\u00f3n Juvenil, en la calle Escoles Pies, 4, en horario del lunes a viernes de 10.30a 14 horas, y del lunes a jueves de 17 a 19.30 horas.<\/p>\n<p style=\"margin-left: 60px; text-align: justify;\">La documentaci\u00f3n que hay que aportar para nuevas inscripciones es la ficha de inscripci\u00f3n, fotograf\u00eda tama\u00f1o DNI, DNI madre\/padre\/tutor, fotocopia de la tarjeta sanitaria del inscrito\/a, fotocopia del libro de familia o DNI de los menores y fotocopia del t\u00edtulo de familia numerosa\/monoparental (en su caso). Para el resto de inscripciones, ficha de inscripci\u00f3n y fotograf\u00eda tama\u00f1o DNI.<\/p>\n<p style=\"margin-left: 60px; text-align: justify;\">La ficha de inscripci\u00f3n se puede descargar en la web municipal, apartado modelos y solicitudes: http:\/\/bit.ly\/2F2oPbm.<\/p>\n<p style=\"margin-left: 30px; text-align: justify;\">-De manera telem\u00e1tica, a partir del 14 de marzo. A trav\u00e9s de www.alzira.es, seleccionando Portal de la Ciudadan\u00eda, apartado \u00abJ\u00d3VENES\u00bb centro del cat\u00e1logo de tr\u00e1mites (es necesario tener certificado digital).<\/p>\n<p><a class=\"jcepopup\" title=\"Dilluns comen\u00e7a la inscripci\u00f3 en els Tallers de Pasqua\" href=\"https:\/\/alzira.es\/wp-content\/uploads\/2018\/03\/IMG_0941.jpg\" target=\"_blank\" rel=\"noopener\"><img fetchpriority=\"high\" decoding=\"async\" class=\" size-full wp-image-28369\" title=\"Dilluns comen\u00e7a la inscripci\u00f3 en els Tallers de Pasqua\" src=\"https:\/\/alzira.es\/wp-content\/uploads\/2018\/03\/IMG_0941.jpg\" alt=\"IMG 0941\" width=\"400\" height=\"267\" \/><\/a>&nbsp;<a class=\"jcepopup\" style=\"font-size: 14.4px; text-align: center;\" title=\"Dilluns comen\u00e7a la inscripci\u00f3 en els Tallers de Pasqua\" type=\"image\" href=\"https:\/\/alzira.es\/wp-content\/uploads\/2018\/03\/IMG_0946.jpg\" target=\"_blank\" rel=\"noopener\"><img decoding=\"async\" class=\"size-full wp-image-28371 lazyload\" title=\"Dilluns comen\u00e7a la inscripci\u00f3 en els Tallers de Pasqua\" data-src=\"https:\/\/alzira.es\/wp-content\/uploads\/2018\/03\/IMG_0946.jpg\" alt=\"IMG 0946\" width=\"400\" height=\"267\" src=\"data:image\/svg+xml;base64,PHN2ZyB3aWR0aD0iMSIgaGVpZ2h0PSIxIiB4bWxucz0iaHR0cDovL3d3dy53My5vcmcvMjAwMC9zdmciPjwvc3ZnPg==\" style=\"--smush-placeholder-width: 400px; --smush-placeholder-aspect-ratio: 400\/267;\" \/><\/a><\/p>\n","protected":false},"excerpt":{"rendered":"<p>Alzira 7 de marzo de 2018.- El Ayuntamiento de Alzira, desde el Centro de Informaci\u00f3n Juvenil, informa que a partir del lunes, 12 de marzo, se puede hacer la inscripci\u00f3n para participar en los Talleres de Pascua 2018. Los talleres, con plazas limitadas, se har\u00e1n los d\u00edas 3, 4, 5 y 6 de abril a &hellip; <\/p>\n<p class=\"link-more\"><a href=\"https:\/\/alzira.es\/es\/dilluns-comenca-la-inscripcio-en-els-tallers-de-pasqua\/\" class=\"more-link\">Continuar leyendo<span class=\"screen-reader-text\"> \u00abEl lunes empieza la inscripci\u00f3n en los Talleres de Pascua\u00bb<\/span><\/a><\/p>\n","protected":false},"author":29,"featured_media":0,"comment_status":"","ping_status":"","sticky":false,"template":"","format":"standard","meta":{"_acf_changed":false,"footnotes":""},"categories":[4936],"tags":[],"class_list":["post-28373","post","type-post","status-publish","format-standard","hentry","category-hemeroteca-es"],"acf":[],"_links":{"self":[{"href":"https:\/\/alzira.es\/es\/wp-json\/wp\/v2\/posts\/28373","targetHints":{"allow":["GET"]}}],"collection":[{"href":"https:\/\/alzira.es\/es\/wp-json\/wp\/v2\/posts"}],"about":[{"href":"https:\/\/alzira.es\/es\/wp-json\/wp\/v2\/types\/post"}],"author":[{"embeddable":true,"href":"https:\/\/alzira.es\/es\/wp-json\/wp\/v2\/users\/29"}],"replies":[{"embeddable":true,"href":"https:\/\/alzira.es\/es\/wp-json\/wp\/v2\/comments?post=28373"}],"version-history":[{"count":0,"href":"https:\/\/alzira.es\/es\/wp-json\/wp\/v2\/posts\/28373\/revisions"}],"wp:attachment":[{"href":"https:\/\/alzira.es\/es\/wp-json\/wp\/v2\/media?parent=28373"}],"wp:term":[{"taxonomy":"category","embeddable":true,"href":"https:\/\/alzira.es\/es\/wp-json\/wp\/v2\/categories?post=28373"},{"taxonomy":"post_tag","embeddable":true,"href":"https:\/\/alzira.es\/es\/wp-json\/wp\/v2\/tags?post=28373"}],"curies":[{"name":"wp","href":"https:\/\/api.w.org\/{rel}","templated":true}]}}