{"id":28323,"date":"2018-03-05T19:35:35","date_gmt":"2018-03-05T18:35:35","guid":{"rendered":"https:\/\/alzira.es\/el-cpc-d-alzira-exemple-a-nivell-socio-comunitari-dins-l-ambit-universitari\/"},"modified":"2018-03-05T19:35:35","modified_gmt":"2018-03-05T18:35:35","slug":"el-cpc-d-alzira-exemple-a-nivell-socio-comunitari-dins-l-ambit-universitari","status":"publish","type":"post","link":"https:\/\/alzira.es\/es\/el-cpc-d-alzira-exemple-a-nivell-socio-comunitari-dins-l-ambit-universitari\/","title":{"rendered":"El CPC de Alzira, ejemplo a nivel socio- comunitario dentro del \u00e1mbito universitario"},"content":{"rendered":"<p style=\"text-align: justify;\">Alzira 5 de marzo de 2018.- El Centro de Participaci\u00f3n Ciudadana del Ayuntamiento de Alzira ha recibido la visita de un grupo de alumnos y profesores de la Universidad Jaime I de Castell\u00f3n. Esta universidad utiliza el plan de centro del CPC como punto de partida dentro de la asignatura de psicolog\u00eda comunitaria y psicolog\u00eda de la intervenci\u00f3n psicosocial en Servicios Sociales.<\/p>\n<p style=\"text-align: justify;\">Por esta raz\u00f3n, el motivo de la visita en el centro in situ para conocer de primera mano las instalaciones y la intervenci\u00f3n que desarrollan los t\u00e9cnicos de Servicios Sociales adscritos en el centro.<\/p>\n<p style=\"text-align: justify;\">Los representantes de la UJI que vinieron a Alzira tambi\u00e9n hicieron una exposici\u00f3n del trabajo que realizan en el departamento de Psicolog\u00eda Evolutiva, Educativa, Social y Metodolog\u00eda encabezado por Raquel Agost, ya que han hecho un estudio y una propuesta de \u00e1reas de rehabilitaci\u00f3n, regeneraci\u00f3n y renovaci\u00f3n urbana con motivo de la tramitaci\u00f3n del Plan General Estructural de Castell\u00f3n de la Plana, que tiene relaci\u00f3n con indicadores sociales y de participaci\u00f3n ciudadana.<\/p>\n<p style=\"text-align: justify;\">La concejala de Servicios Sociales, Marina Mir, ha manifestado que \u00absiempre es gratificante ser un ejemplo a seguir a nivel socio- comunitario dentro del \u00e1mbito universitario y recibir visitas de este tipo son una buena muestra del trabajo bien hecho desde el CPC. No es la \u00fanica visita de universitarios que hemos recibido, ya que el a\u00f1o pasado recibimos visitas de diferentes titulaciones y centros educativos de Valencia y tambi\u00e9n t\u00e9cnicos del CPC se han desplazado a diferentes facultades para explicar el funcionamiento de un centro de estas caracter\u00edsticas\u00bb.<\/p>\n<p style=\"text-align: center;\"><a class=\"jcepopup\" title=\"El CPC D\u2019Alzira, exemple a nivell socio-comunitari dins l\u2019\u00e0mbit universitari\" href=\"https:\/\/alzira.es\/wp-content\/uploads\/2018\/03\/Visita_CPC_UJI.jpg\" target=\"_blank\" rel=\"noopener\"><img fetchpriority=\"high\" decoding=\"async\" class=\" size-full wp-image-28320\" title=\"El CPC D\u2019Alzira, exemple a nivell socio-comunitari dins l\u2019\u00e0mbit universitari\" src=\"https:\/\/alzira.es\/wp-content\/uploads\/2018\/03\/Visita_CPC_UJI.jpg\" alt=\"Visita CPC UJI\" width=\"600\" height=\"338\" srcset=\"https:\/\/alzira.es\/wp-content\/uploads\/2018\/03\/Visita_CPC_UJI.jpg 1328w, https:\/\/alzira.es\/wp-content\/uploads\/2018\/03\/Visita_CPC_UJI-680x383.jpg 680w, https:\/\/alzira.es\/wp-content\/uploads\/2018\/03\/Visita_CPC_UJI-768x432.jpg 768w\" sizes=\"(max-width: 600px) 100vw, 600px\" \/><\/a><\/p>\n","protected":false},"excerpt":{"rendered":"<p>Alzira 5 de marzo de 2018.- El Centro de Participaci\u00f3n Ciudadana del Ayuntamiento de Alzira ha recibido la visita de un grupo de alumnos y profesores de la Universidad Jaime I de Castell\u00f3n. Esta universidad utiliza el plan de centro del CPC como punto de partida dentro de la asignatura de psicolog\u00eda comunitaria y psicolog\u00eda &hellip; <\/p>\n<p class=\"link-more\"><a href=\"https:\/\/alzira.es\/es\/el-cpc-d-alzira-exemple-a-nivell-socio-comunitari-dins-l-ambit-universitari\/\" class=\"more-link\">Continuar leyendo<span class=\"screen-reader-text\"> \u00abEl CPC de Alzira, ejemplo a nivel socio- comunitario dentro del \u00e1mbito universitario\u00bb<\/span><\/a><\/p>\n","protected":false},"author":29,"featured_media":28321,"comment_status":"","ping_status":"","sticky":false,"template":"","format":"standard","meta":{"_acf_changed":false,"footnotes":""},"categories":[1893],"tags":[],"class_list":["post-28323","post","type-post","status-publish","format-standard","has-post-thumbnail","hentry","category-hemeroteca"],"acf":[],"_links":{"self":[{"href":"https:\/\/alzira.es\/es\/wp-json\/wp\/v2\/posts\/28323","targetHints":{"allow":["GET"]}}],"collection":[{"href":"https:\/\/alzira.es\/es\/wp-json\/wp\/v2\/posts"}],"about":[{"href":"https:\/\/alzira.es\/es\/wp-json\/wp\/v2\/types\/post"}],"author":[{"embeddable":true,"href":"https:\/\/alzira.es\/es\/wp-json\/wp\/v2\/users\/29"}],"replies":[{"embeddable":true,"href":"https:\/\/alzira.es\/es\/wp-json\/wp\/v2\/comments?post=28323"}],"version-history":[{"count":0,"href":"https:\/\/alzira.es\/es\/wp-json\/wp\/v2\/posts\/28323\/revisions"}],"wp:featuredmedia":[{"embeddable":true,"href":"https:\/\/alzira.es\/es\/wp-json\/wp\/v2\/media\/28321"}],"wp:attachment":[{"href":"https:\/\/alzira.es\/es\/wp-json\/wp\/v2\/media?parent=28323"}],"wp:term":[{"taxonomy":"category","embeddable":true,"href":"https:\/\/alzira.es\/es\/wp-json\/wp\/v2\/categories?post=28323"},{"taxonomy":"post_tag","embeddable":true,"href":"https:\/\/alzira.es\/es\/wp-json\/wp\/v2\/tags?post=28323"}],"curies":[{"name":"wp","href":"https:\/\/api.w.org\/{rel}","templated":true}]}}