{"id":28298,"date":"2018-03-06T14:15:11","date_gmt":"2018-03-06T13:15:11","guid":{"rendered":"https:\/\/alzira.es\/el-15-de-marc-es-posen-a-la-venda-les-entrades-per-als-concerts-de-sant-bernat-2018\/"},"modified":"2018-03-06T14:15:11","modified_gmt":"2018-03-06T13:15:11","slug":"el-15-de-marc-es-posen-a-la-venda-les-entrades-per-als-concerts-de-sant-bernat-2018","status":"publish","type":"post","link":"https:\/\/alzira.es\/es\/el-15-de-marc-es-posen-a-la-venda-les-entrades-per-als-concerts-de-sant-bernat-2018\/","title":{"rendered":"El 15 de marzo se ponen a la venta las entradas para los conciertos de Sant Bernat 2018"},"content":{"rendered":"<p style=\"text-align: justify;\">Alzira, 6 de marzo de 2018.- El Ayuntamiento de Alzira, desde la concejal\u00eda de Fiestas, informa que a partir del jueves 15 de marzo estar\u00e1n a la venta las entradas para los conciertos de Sant Bernat 2018 en:<\/p>\n<p style=\"text-align: justify; margin-left: 30px;\">www.instanticket.es<br \/>www.notikumi.com<\/p>\n<p style=\"text-align: justify;\">Y en la taquilla del Gran Teatro, martes y jueves, de 19.30 a 21.00 horas.<\/p>\n<p style=\"text-align: justify; margin-left: 30px;\">&#8211; Tributo a Mecano \u00abHija de la luna\u00bb, 18 de julio, en el Venecia, 5 euros.<br \/>&#8211; Rozal\u00e9n, 19 de julio, en el Venecia, 5 euros.<br \/>&#8211; Maldita Nerea, 20 de julio, en el Recinto Ferial, 5 euros.<br \/>&#8211; Sergio Dalma, 21 de julio, en el Recinto Ferial, 10 euros.<\/p>\n<p style=\"text-align: justify;\">Bono para los cuatro conciertos, 20 euros<\/p>\n<p style=\"text-align: justify;\">-\u00c0. Festival, 22 de julio, en el Recinto Ferial, con las actuaciones de: El Diluvio, The Noises, Shinova, Discj\u00f2queis Indie, Santi Bertomeu&#8230;yi otro artista por confirmar; m\u00e1s de diez horas de m\u00fasica ininterrumpida.<\/p>\n<p style=\"text-align: justify;\">Primeras 1.000 entradas, 5 euros.<\/p>\n<p style=\"text-align: justify;\">Resto de entradas, 8 euros.<\/p>\n<p style=\"text-align: justify;\">Taquilla el d\u00eda del \u00c0. Festival, 10 euros.<br \/>Concejal\u00eda de Fiestas<\/p>\n<p style=\"text-align: justify;\">Ayuntamiento de Alzira<\/p>\n<p style=\"text-align: center;\"><a class=\"jcepopup\" title=\"Sant Bernat 2018\" href=\"https:\/\/alzira.es\/wp-content\/uploads\/2018\/03\/folleto_sant_bernat_2018_traz-01-02.jpg\" target=\"_blank\" rel=\"noopener\"><img fetchpriority=\"high\" decoding=\"async\" class=\" size-full wp-image-28296\" title=\"Sant Bernat 2018\" src=\"https:\/\/alzira.es\/wp-content\/uploads\/2018\/03\/folleto_sant_bernat_2018_traz-01-02.jpg\" alt=\"folleto sant bernat 2018 traz-01-02\" width=\"800\" height=\"565\" srcset=\"https:\/\/alzira.es\/wp-content\/uploads\/2018\/03\/folleto_sant_bernat_2018_traz-01-02.jpg 1200w, https:\/\/alzira.es\/wp-content\/uploads\/2018\/03\/folleto_sant_bernat_2018_traz-01-02-680x481.jpg 680w, https:\/\/alzira.es\/wp-content\/uploads\/2018\/03\/folleto_sant_bernat_2018_traz-01-02-768x543.jpg 768w\" sizes=\"(max-width: 706px) 89vw, (max-width: 767px) 82vw, 740px\" \/><\/a><\/p>\n","protected":false},"excerpt":{"rendered":"<p>Alzira, 6 de marzo de 2018.- El Ayuntamiento de Alzira, desde la concejal\u00eda de Fiestas, informa que a partir del jueves 15 de marzo estar\u00e1n a la venta las entradas para los conciertos de Sant Bernat 2018 en: www.instanticket.eswww.notikumi.com Y en la taquilla del Gran Teatro, martes y jueves, de 19.30 a 21.00 horas. &#8211; &hellip; <\/p>\n<p class=\"link-more\"><a href=\"https:\/\/alzira.es\/es\/el-15-de-marc-es-posen-a-la-venda-les-entrades-per-als-concerts-de-sant-bernat-2018\/\" class=\"more-link\">Continuar leyendo<span class=\"screen-reader-text\"> \u00abEl 15 de marzo se ponen a la venta las entradas para los conciertos de Sant Bernat 2018\u00bb<\/span><\/a><\/p>\n","protected":false},"author":29,"featured_media":28296,"comment_status":"","ping_status":"","sticky":false,"template":"","format":"standard","meta":{"_acf_changed":false,"footnotes":""},"categories":[1893],"tags":[],"class_list":["post-28298","post","type-post","status-publish","format-standard","has-post-thumbnail","hentry","category-hemeroteca"],"acf":[],"_links":{"self":[{"href":"https:\/\/alzira.es\/es\/wp-json\/wp\/v2\/posts\/28298","targetHints":{"allow":["GET"]}}],"collection":[{"href":"https:\/\/alzira.es\/es\/wp-json\/wp\/v2\/posts"}],"about":[{"href":"https:\/\/alzira.es\/es\/wp-json\/wp\/v2\/types\/post"}],"author":[{"embeddable":true,"href":"https:\/\/alzira.es\/es\/wp-json\/wp\/v2\/users\/29"}],"replies":[{"embeddable":true,"href":"https:\/\/alzira.es\/es\/wp-json\/wp\/v2\/comments?post=28298"}],"version-history":[{"count":0,"href":"https:\/\/alzira.es\/es\/wp-json\/wp\/v2\/posts\/28298\/revisions"}],"wp:featuredmedia":[{"embeddable":true,"href":"https:\/\/alzira.es\/es\/wp-json\/wp\/v2\/media\/28296"}],"wp:attachment":[{"href":"https:\/\/alzira.es\/es\/wp-json\/wp\/v2\/media?parent=28298"}],"wp:term":[{"taxonomy":"category","embeddable":true,"href":"https:\/\/alzira.es\/es\/wp-json\/wp\/v2\/categories?post=28298"},{"taxonomy":"post_tag","embeddable":true,"href":"https:\/\/alzira.es\/es\/wp-json\/wp\/v2\/tags?post=28298"}],"curies":[{"name":"wp","href":"https:\/\/api.w.org\/{rel}","templated":true}]}}