{"id":28283,"date":"2018-03-06T13:00:00","date_gmt":"2018-03-06T12:00:00","guid":{"rendered":"https:\/\/alzira.es\/la-regidoria-de-gestio-urbanistica-finalitza-la-tercera-fase-d-adequacio-i-millora-d-escocells-en-l-avinguda-lluis-sunyer\/"},"modified":"2018-03-06T13:00:00","modified_gmt":"2018-03-06T12:00:00","slug":"la-regidoria-de-gestio-urbanistica-finalitza-la-tercera-fase-d-adequacio-i-millora-d-escocells-en-l-avinguda-lluis-sunyer","status":"publish","type":"post","link":"https:\/\/alzira.es\/es\/la-regidoria-de-gestio-urbanistica-finalitza-la-tercera-fase-d-adequacio-i-millora-d-escocells-en-l-avinguda-lluis-sunyer\/","title":{"rendered":"La concejal\u00eda de Gesti\u00f3n Urban\u00edstica finaliza la tercera fase de adecuaci\u00f3n y mejora de alcorques en la avenida Lu\u00eds Su\u00f1er"},"content":{"rendered":"<p style=\"text-align: justify;\">Alzira 6 de marzo de 2018 &#8211; El pasado 2017, la concejal\u00eda de Gesti\u00f3n Urban\u00edstica empez\u00f3 una serie de trabajos de mejora y adecuaci\u00f3n de los alcorques de la avenida Lu\u00eds Su\u00f1er, dividida en varias fases, con el prop\u00f3sito de darles un mejor aspecto y al mismo tiempo impedir, tanto como sea posible, que las mascotas no realicen sus deposiciones en estos espacios, ya que perjudican en gran medida la evoluci\u00f3n natural del arbolado y las plantas.<\/p>\n<p style=\"text-align: justify;\">Para tal fin, se est\u00e1n plantando especies arbustivas en cada uno de los alcorques de esta zona y al mismo tiempo se instala la distribuci\u00f3n de riego por goteo facilitando el mantenimiento y el ahorro de agua, medidas que se est\u00e1n implantando en todos los lugares que ofrecen la posibilidad, por todas las partes de la ciudad, en pro de la sostenibilidad y el ahorro.<\/p>\n<p style=\"text-align: justify;\">Fernando Pascual, concejal de Gesti\u00f3n Urban\u00edstica, asegura que \u00abdesde nuestra concejal\u00eda, continuaremos con estos trabajos por fases, hasta realizar las mejoras que necesita la ciudad y en este caso la avenida Lu\u00eds Su\u00f1er. Son muchos los cambios que est\u00e1n realiz\u00e1ndose en nuestra ciudad y el arbolado es uno de los m\u00e1s representativos, no solo por la imagen de modernidad tambi\u00e9n de evoluci\u00f3n, recuperaci\u00f3n de especies y de sostenibilidad\u00bb.<\/p>\n<p style=\"text-align: center;\"><a class=\"jcepopup\" title=\"La Regidoria de Gesti\u00f3 Urban\u00edstica finalitza la tercera fase d\u2019adequaci\u00f3 i millora d\u2019escocells en l\u2019avinguda Llu\u00eds Sunyer\" href=\"https:\/\/alzira.es\/wp-content\/uploads\/2018\/03\/IMG-20180305-WA0009.jpg\" target=\"_blank\" rel=\"noopener\"><img fetchpriority=\"high\" decoding=\"async\" class=\" size-full wp-image-28280\" title=\"La Regidoria de Gesti\u00f3 Urban\u00edstica finalitza la tercera fase d\u2019adequaci\u00f3 i millora d\u2019escocells en l\u2019avinguda Llu\u00eds Sunyer\" src=\"https:\/\/alzira.es\/wp-content\/uploads\/2018\/03\/IMG-20180305-WA0009.jpg\" alt=\"IMG-20180305-WA0009\" width=\"600\" height=\"450\" srcset=\"https:\/\/alzira.es\/wp-content\/uploads\/2018\/03\/IMG-20180305-WA0009.jpg 1600w, https:\/\/alzira.es\/wp-content\/uploads\/2018\/03\/IMG-20180305-WA0009-680x510.jpg 680w, https:\/\/alzira.es\/wp-content\/uploads\/2018\/03\/IMG-20180305-WA0009-1430x1072.jpg 1430w, https:\/\/alzira.es\/wp-content\/uploads\/2018\/03\/IMG-20180305-WA0009-768x576.jpg 768w, https:\/\/alzira.es\/wp-content\/uploads\/2018\/03\/IMG-20180305-WA0009-1536x1152.jpg 1536w\" sizes=\"(max-width: 600px) 100vw, 600px\" \/><\/a><\/p>\n","protected":false},"excerpt":{"rendered":"<p>Alzira 6 de marzo de 2018 &#8211; El pasado 2017, la concejal\u00eda de Gesti\u00f3n Urban\u00edstica empez\u00f3 una serie de trabajos de mejora y adecuaci\u00f3n de los alcorques de la avenida Lu\u00eds Su\u00f1er, dividida en varias fases, con el prop\u00f3sito de darles un mejor aspecto y al mismo tiempo impedir, tanto como sea posible, que las &hellip; <\/p>\n<p class=\"link-more\"><a href=\"https:\/\/alzira.es\/es\/la-regidoria-de-gestio-urbanistica-finalitza-la-tercera-fase-d-adequacio-i-millora-d-escocells-en-l-avinguda-lluis-sunyer\/\" class=\"more-link\">Continuar leyendo<span class=\"screen-reader-text\"> \u00abLa concejal\u00eda de Gesti\u00f3n Urban\u00edstica finaliza la tercera fase de adecuaci\u00f3n y mejora de alcorques en la avenida Lu\u00eds Su\u00f1er\u00bb<\/span><\/a><\/p>\n","protected":false},"author":29,"featured_media":28280,"comment_status":"","ping_status":"","sticky":false,"template":"","format":"standard","meta":{"_acf_changed":false,"footnotes":""},"categories":[1893],"tags":[],"class_list":["post-28283","post","type-post","status-publish","format-standard","has-post-thumbnail","hentry","category-hemeroteca"],"acf":[],"_links":{"self":[{"href":"https:\/\/alzira.es\/es\/wp-json\/wp\/v2\/posts\/28283","targetHints":{"allow":["GET"]}}],"collection":[{"href":"https:\/\/alzira.es\/es\/wp-json\/wp\/v2\/posts"}],"about":[{"href":"https:\/\/alzira.es\/es\/wp-json\/wp\/v2\/types\/post"}],"author":[{"embeddable":true,"href":"https:\/\/alzira.es\/es\/wp-json\/wp\/v2\/users\/29"}],"replies":[{"embeddable":true,"href":"https:\/\/alzira.es\/es\/wp-json\/wp\/v2\/comments?post=28283"}],"version-history":[{"count":0,"href":"https:\/\/alzira.es\/es\/wp-json\/wp\/v2\/posts\/28283\/revisions"}],"wp:featuredmedia":[{"embeddable":true,"href":"https:\/\/alzira.es\/es\/wp-json\/wp\/v2\/media\/28280"}],"wp:attachment":[{"href":"https:\/\/alzira.es\/es\/wp-json\/wp\/v2\/media?parent=28283"}],"wp:term":[{"taxonomy":"category","embeddable":true,"href":"https:\/\/alzira.es\/es\/wp-json\/wp\/v2\/categories?post=28283"},{"taxonomy":"post_tag","embeddable":true,"href":"https:\/\/alzira.es\/es\/wp-json\/wp\/v2\/tags?post=28283"}],"curies":[{"name":"wp","href":"https:\/\/api.w.org\/{rel}","templated":true}]}}