{"id":28272,"date":"2018-03-05T19:38:23","date_gmt":"2018-03-05T18:38:23","guid":{"rendered":"https:\/\/alzira.es\/xarrada-als-escolars-alzirenys-sobre-l-adequada-atencio-a-les-mascotes\/"},"modified":"2018-03-05T19:38:23","modified_gmt":"2018-03-05T18:38:23","slug":"xarrada-als-escolars-alzirenys-sobre-l-adequada-atencio-a-les-mascotes","status":"publish","type":"post","link":"https:\/\/alzira.es\/es\/xarrada-als-escolars-alzirenys-sobre-l-adequada-atencio-a-les-mascotes\/","title":{"rendered":"Charla a los escolares alzire\u00f1os sobre la adecuada atenci\u00f3n a las mascotas"},"content":{"rendered":"<p style=\"text-align: justify;\">Alzira, 5 de marzo de 2018.- El Ayuntamiento de Alzira, desde la concejal\u00eda de Sanidad, ha organizado este ma\u00f1ana una charla al respecto de la atenci\u00f3n y las maneras de cuidar las mascotas en el colegio X\u00faquer Centro Educativo. Una charla que se ha hecho con la colaboraci\u00f3n del Ilustre Colegio Oficial de Veterinarios de Valencia.<\/p>\n<p style=\"text-align: justify;\">La charla ha sido dirigida a los alumnos de 1\u00ba de ESO, en la que se han tratado diferentes puntos como son:<\/p>\n<p style=\"margin-left: 30px; text-align: justify;\">&#8211; La manera de cuidar a las mascotas<\/p>\n<p style=\"margin-left: 30px; text-align: justify;\">&#8211; Las obligaciones legales y de convivencia<\/p>\n<p style=\"margin-left: 30px; text-align: justify;\">&#8211; La prevenci\u00f3n de enfermedades<\/p>\n<p style=\"margin-left: 30px; text-align: justify;\">&#8211; La esterilizaci\u00f3n de las mascotas<\/p>\n<p style=\"margin-left: 30px; text-align: justify;\">&#8211; Las ventajas de tener una mascota<\/p>\n<p style=\"text-align: justify;\">El alcalde de Alzira y responsable del \u00e1rea, Diego G\u00f3mez, ha destacado: \u00abSiempre son importantes este tipo de charlas en los centros educativos que complementan la educaci\u00f3n del d\u00eda a d\u00eda al respecto de temas tan cotidianos como son las mascotas, en este caso. Esta charla de hoy se suma a la que hicimos hace unas semanas en el Gloria Fuertes sobre los desfibriladores y que continuaremos haciendo por m\u00e1s centros educativos de la ciudad\u00bb.<\/p>\n<p style=\"text-align: center;\"><a class=\"jcepopup\" title=\"Xarrada als escolars alzirenys sobre l\u2019adequada atenci\u00f3 a les mascotes\" href=\"https:\/\/alzira.es\/wp-content\/uploads\/2018\/03\/IMG_3063.jpg\" target=\"_blank\" rel=\"noopener\"><img fetchpriority=\"high\" decoding=\"async\" class=\" size-full wp-image-28269\" title=\"Xarrada als escolars alzirenys sobre l\u2019adequada atenci\u00f3 a les mascotes\" src=\"https:\/\/alzira.es\/wp-content\/uploads\/2018\/03\/IMG_3063.jpg\" alt=\"IMG 3063\" width=\"600\" height=\"400\" \/><\/a><\/p>\n","protected":false},"excerpt":{"rendered":"<p>Alzira, 5 de marzo de 2018.- El Ayuntamiento de Alzira, desde la concejal\u00eda de Sanidad, ha organizado este ma\u00f1ana una charla al respecto de la atenci\u00f3n y las maneras de cuidar las mascotas en el colegio X\u00faquer Centro Educativo. Una charla que se ha hecho con la colaboraci\u00f3n del Ilustre Colegio Oficial de Veterinarios de &hellip; <\/p>\n<p class=\"link-more\"><a href=\"https:\/\/alzira.es\/es\/xarrada-als-escolars-alzirenys-sobre-l-adequada-atencio-a-les-mascotes\/\" class=\"more-link\">Continuar leyendo<span class=\"screen-reader-text\"> \u00abCharla a los escolares alzire\u00f1os sobre la adecuada atenci\u00f3n a las mascotas\u00bb<\/span><\/a><\/p>\n","protected":false},"author":29,"featured_media":28270,"comment_status":"","ping_status":"","sticky":false,"template":"","format":"standard","meta":{"_acf_changed":false,"footnotes":""},"categories":[1893],"tags":[],"class_list":["post-28272","post","type-post","status-publish","format-standard","has-post-thumbnail","hentry","category-hemeroteca"],"acf":[],"_links":{"self":[{"href":"https:\/\/alzira.es\/es\/wp-json\/wp\/v2\/posts\/28272","targetHints":{"allow":["GET"]}}],"collection":[{"href":"https:\/\/alzira.es\/es\/wp-json\/wp\/v2\/posts"}],"about":[{"href":"https:\/\/alzira.es\/es\/wp-json\/wp\/v2\/types\/post"}],"author":[{"embeddable":true,"href":"https:\/\/alzira.es\/es\/wp-json\/wp\/v2\/users\/29"}],"replies":[{"embeddable":true,"href":"https:\/\/alzira.es\/es\/wp-json\/wp\/v2\/comments?post=28272"}],"version-history":[{"count":0,"href":"https:\/\/alzira.es\/es\/wp-json\/wp\/v2\/posts\/28272\/revisions"}],"wp:featuredmedia":[{"embeddable":true,"href":"https:\/\/alzira.es\/es\/wp-json\/wp\/v2\/media\/28270"}],"wp:attachment":[{"href":"https:\/\/alzira.es\/es\/wp-json\/wp\/v2\/media?parent=28272"}],"wp:term":[{"taxonomy":"category","embeddable":true,"href":"https:\/\/alzira.es\/es\/wp-json\/wp\/v2\/categories?post=28272"},{"taxonomy":"post_tag","embeddable":true,"href":"https:\/\/alzira.es\/es\/wp-json\/wp\/v2\/tags?post=28272"}],"curies":[{"name":"wp","href":"https:\/\/api.w.org\/{rel}","templated":true}]}}