{"id":28243,"date":"2018-03-05T14:54:24","date_gmt":"2018-03-05T13:54:24","guid":{"rendered":"https:\/\/alzira.es\/la-crida-es-consolida-com-a-referent-de-les-falles-d-alzira\/"},"modified":"2018-03-05T14:54:24","modified_gmt":"2018-03-05T13:54:24","slug":"la-crida-es-consolida-com-a-referent-de-les-falles-d-alzira","status":"publish","type":"post","link":"https:\/\/alzira.es\/es\/la-crida-es-consolida-com-a-referent-de-les-falles-d-alzira\/","title":{"rendered":"La Crida se consolida como referente de las Fallas de Alzira"},"content":{"rendered":"<p style=\"text-align: justify;\">Alzira 5 de marzo de 2018.- El acto de la Crida en la ciudad de Alzira se ha convertido en uno de los momentos m\u00e1s importantes de las fiestas falleras. Al simbolismo de dar por iniciadas las Fallas, hay que a\u00f1adir el espect\u00e1culo art\u00edstico y musical alrededor de la plaza del Carb\u00f3 y los discursos de las autoridades municipales y de las falleras mayores de la Ciudad.<\/p>\n<p style=\"text-align: justify;\">Este a\u00f1o al mapping, proyectado en la fachada de la Casa Consistorial, se han a\u00f1adido las im\u00e1genes de la fiesta fallera que se pudieran ver a las pantallas de led, antes de dar paso al momento de los parlamentos.<\/p>\n<p style=\"text-align: justify;\">Hay que realizar dos puntualizaciones de la Crida de 2018: Por una parte la participaci\u00f3n de los m\u00e1s de 350 m\u00fasicos, pertenecientes a las charangas de las comisiones falleras, que juntos interpretaron el pasodoble \u00abAmparito Roca\u00bb, bajo la direcci\u00f3n de David Gonz\u00e1lez, director de la Escuela de la Societat Musical de Alzira, y de la Banda Joven de dicha entidad. Tambi\u00e9n hay que rese\u00f1ar la participaci\u00f3n De Salva Sanchis, interpretando al saxo tenor un arreglo del pasodoble \u00abFiesta Fallera Alzire\u00f1a\u00bb, del compositor y concejal del Ayuntamiento de Alzira, Pepe Grau.<\/p>\n<p style=\"text-align: justify;\">Por otro lado, el discurso del alcalde, Diego G\u00f3mez, estuvo centrado en la importancia de la mujer en la sociedad, siendo posiblemente la Crida m\u00e1s feminista de la historia, donde cuatro mujeres fueran protagonistas, Isabel Aguilar, vicealcaldesa y concejala de Fiestas; Lourdes Burgos y Aitana Carb\u00f3, falleras mayores de la ciudad; y Carmen Avivar, soprano perteneciente al Coro de Valencia de la Generalitat, que interpret\u00f3 el Himno Regional.<br \/>Desde el Ayuntamiento, y desde la concejal\u00eda de Fiestas, encargada de la organizaci\u00f3n de la Crida, se valora mucho la implicaci\u00f3n de las trabajadoras y trabajadores del departamento en el montaje del acto, as\u00ed como el resultado final dadas las m\u00faltiples muestras de agradecimiento y felicitaciones por parte de las falleras, falleros y ciudadan\u00eda en general.<\/p>\n<p style=\"text-align: justify;\">Por \u00faltimo, en el acto tambi\u00e9n se anunciaran los ganadores del concurso de libretos de fallas. En la modalidad de formato grande, el primer premio fue para el de la Falla Plaza del Forn con el t\u00edtulo, Dones; el segundo premio, para la Falla La Gallera; el tercer premio, para la Falla Pla\u00e7a la Malva; el cuarto premio para la Falla Caputxins y el quinto para la Falla Cam\u00ed Nou. En la modalidad de formato peque\u00f1o, las fallas premiadas fueron: Falla Pintor Andreu, con el primer premio; Falla Sant Joan, segundo premio; Falla El Mercat, tercer premio; Falla Col\u00f2nia Ana Sanchis, cuarto premio y Falla Albuixarres- Cam\u00ed Fondo, quinto premio.<\/p>\n<p style=\"text-align: center;\"><a class=\"jcepopup\" title=\"La Crida es consolida com a referent de les Falles d'Alzira \" href=\"https:\/\/alzira.es\/wp-content\/uploads\/2018\/03\/Crida_Falles_2018.jpg\" target=\"_blank\" rel=\"noopener\"><img fetchpriority=\"high\" decoding=\"async\" class=\" size-full wp-image-28240\" title=\"La Crida es consolida com a referent de les Falles d'Alzira \" src=\"https:\/\/alzira.es\/wp-content\/uploads\/2018\/03\/Crida_Falles_2018.jpg\" alt=\"Crida Falles 2018\" width=\"600\" height=\"450\" srcset=\"https:\/\/alzira.es\/wp-content\/uploads\/2018\/03\/Crida_Falles_2018.jpg 960w, https:\/\/alzira.es\/wp-content\/uploads\/2018\/03\/Crida_Falles_2018-680x510.jpg 680w, https:\/\/alzira.es\/wp-content\/uploads\/2018\/03\/Crida_Falles_2018-768x576.jpg 768w\" sizes=\"(max-width: 600px) 100vw, 600px\" \/><\/a><\/p>\n","protected":false},"excerpt":{"rendered":"<p>Alzira 5 de marzo de 2018.- El acto de la Crida en la ciudad de Alzira se ha convertido en uno de los momentos m\u00e1s importantes de las fiestas falleras. Al simbolismo de dar por iniciadas las Fallas, hay que a\u00f1adir el espect\u00e1culo art\u00edstico y musical alrededor de la plaza del Carb\u00f3 y los discursos &hellip; <\/p>\n<p class=\"link-more\"><a href=\"https:\/\/alzira.es\/es\/la-crida-es-consolida-com-a-referent-de-les-falles-d-alzira\/\" class=\"more-link\">Continuar leyendo<span class=\"screen-reader-text\"> \u00abLa Crida se consolida como referente de las Fallas de Alzira\u00bb<\/span><\/a><\/p>\n","protected":false},"author":29,"featured_media":28240,"comment_status":"","ping_status":"","sticky":false,"template":"","format":"standard","meta":{"_acf_changed":false,"footnotes":""},"categories":[1893],"tags":[],"class_list":["post-28243","post","type-post","status-publish","format-standard","has-post-thumbnail","hentry","category-hemeroteca"],"acf":[],"_links":{"self":[{"href":"https:\/\/alzira.es\/es\/wp-json\/wp\/v2\/posts\/28243","targetHints":{"allow":["GET"]}}],"collection":[{"href":"https:\/\/alzira.es\/es\/wp-json\/wp\/v2\/posts"}],"about":[{"href":"https:\/\/alzira.es\/es\/wp-json\/wp\/v2\/types\/post"}],"author":[{"embeddable":true,"href":"https:\/\/alzira.es\/es\/wp-json\/wp\/v2\/users\/29"}],"replies":[{"embeddable":true,"href":"https:\/\/alzira.es\/es\/wp-json\/wp\/v2\/comments?post=28243"}],"version-history":[{"count":0,"href":"https:\/\/alzira.es\/es\/wp-json\/wp\/v2\/posts\/28243\/revisions"}],"wp:featuredmedia":[{"embeddable":true,"href":"https:\/\/alzira.es\/es\/wp-json\/wp\/v2\/media\/28240"}],"wp:attachment":[{"href":"https:\/\/alzira.es\/es\/wp-json\/wp\/v2\/media?parent=28243"}],"wp:term":[{"taxonomy":"category","embeddable":true,"href":"https:\/\/alzira.es\/es\/wp-json\/wp\/v2\/categories?post=28243"},{"taxonomy":"post_tag","embeddable":true,"href":"https:\/\/alzira.es\/es\/wp-json\/wp\/v2\/tags?post=28243"}],"curies":[{"name":"wp","href":"https:\/\/api.w.org\/{rel}","templated":true}]}}