{"id":28236,"date":"2018-03-05T14:33:52","date_gmt":"2018-03-05T13:33:52","guid":{"rendered":"https:\/\/alzira.es\/idea-es-reuneix-amb-el-cefire-per-a-incrementar-la-formacio-del-professorat\/"},"modified":"2018-03-05T14:33:52","modified_gmt":"2018-03-05T13:33:52","slug":"idea-es-reuneix-amb-el-cefire-per-a-incrementar-la-formacio-del-professorat","status":"publish","type":"post","link":"https:\/\/alzira.es\/es\/idea-es-reuneix-amb-el-cefire-per-a-incrementar-la-formacio-del-professorat\/","title":{"rendered":"IDEA se re\u00fane con el cefire para incrementar la formaci\u00f3n del profesorado"},"content":{"rendered":"<p style=\"text-align: justify;\">Alzira, 5 de marzo del 2018. El concejal de Desarrollo Econ\u00f3mico, Trabajo y Proyectos Europeos, Iv\u00e1n Mart\u00ednez, y t\u00e9cnicos de IDEA se han reunido con responsables del Servicio de Formaci\u00f3n del Profesorado y del CEFIRE de X\u00e0tiva para estrechar la colaboraci\u00f3n entre las dos entidades p\u00fablicas.<\/p>\n<p style=\"text-align: justify;\">En esta reuni\u00f3n se ha estudiado la posibilidad de que los cursos, talleres y monogr\u00e1ficos que realiza IDEA puedan homologarse tambi\u00e9n con la formaci\u00f3n que se da desde el CEFIRE. Seg\u00fan ha explicado el concejal responsable, Iv\u00e1n Mart\u00ednez: \u00abHay que decir que el Ayuntamiento de Alzira, a trav\u00e9s del \u00e1rea de Desarrollo Econ\u00f3mico, Trabajo y Proyectos Europeos, ha establecido nuevos convenios y colaboraciones en los \u00faltimos a\u00f1os tanto en los centros escolares de la ciudad, para la recepci\u00f3n de voluntarios europeos, as\u00ed como con el Instituto de FP Luis Su\u00f1er para contratos de formaci\u00f3n en el programa de empleo juvenil as\u00ed como para la realizaci\u00f3n de una Passiv Has. De la misma manera se han realizado dos ediciones ya de la Universidad de Primavera con la Universitat de Val\u00e8ncia. El objetivo es poder establecer mayor cooperaci\u00f3n y colaboraci\u00f3n con todas las entidades p\u00fablicas para mejorar la formaci\u00f3n y los servicios a la ciudadan\u00eda.\u00bb<\/p>\n<p style=\"text-align: center;\"><a class=\"jcepopup\" title=\"IDEA ES REUNEIX AMB EL CEFIRE PER A INCREMENTAR LA FORMACI\u00d3 DEL PROFESSORAT\" href=\"https:\/\/alzira.es\/wp-content\/uploads\/2018\/03\/IMG_20180301_131200.jpg\" target=\"_blank\" rel=\"noopener\"><img fetchpriority=\"high\" decoding=\"async\" class=\" size-full wp-image-28234\" title=\"IDEA ES REUNEIX AMB EL CEFIRE PER A INCREMENTAR LA FORMACI\u00d3 DEL PROFESSORAT\" src=\"https:\/\/alzira.es\/wp-content\/uploads\/2018\/03\/IMG_20180301_131200.jpg\" alt=\"IMG 20180301 131200\" width=\"600\" height=\"339\" srcset=\"https:\/\/alzira.es\/wp-content\/uploads\/2018\/03\/IMG_20180301_131200.jpg 1200w, https:\/\/alzira.es\/wp-content\/uploads\/2018\/03\/IMG_20180301_131200-680x384.jpg 680w, https:\/\/alzira.es\/wp-content\/uploads\/2018\/03\/IMG_20180301_131200-768x433.jpg 768w\" sizes=\"(max-width: 600px) 100vw, 600px\" \/><\/a><\/p>\n","protected":false},"excerpt":{"rendered":"<p>Alzira, 5 de marzo del 2018. El concejal de Desarrollo Econ\u00f3mico, Trabajo y Proyectos Europeos, Iv\u00e1n Mart\u00ednez, y t\u00e9cnicos de IDEA se han reunido con responsables del Servicio de Formaci\u00f3n del Profesorado y del CEFIRE de X\u00e0tiva para estrechar la colaboraci\u00f3n entre las dos entidades p\u00fablicas. En esta reuni\u00f3n se ha estudiado la posibilidad de &hellip; <\/p>\n<p class=\"link-more\"><a href=\"https:\/\/alzira.es\/es\/idea-es-reuneix-amb-el-cefire-per-a-incrementar-la-formacio-del-professorat\/\" class=\"more-link\">Continuar leyendo<span class=\"screen-reader-text\"> \u00abIDEA se re\u00fane con el cefire para incrementar la formaci\u00f3n del profesorado\u00bb<\/span><\/a><\/p>\n","protected":false},"author":29,"featured_media":28234,"comment_status":"","ping_status":"","sticky":false,"template":"","format":"standard","meta":{"_acf_changed":false,"footnotes":""},"categories":[1893],"tags":[],"class_list":["post-28236","post","type-post","status-publish","format-standard","has-post-thumbnail","hentry","category-hemeroteca"],"acf":[],"_links":{"self":[{"href":"https:\/\/alzira.es\/es\/wp-json\/wp\/v2\/posts\/28236","targetHints":{"allow":["GET"]}}],"collection":[{"href":"https:\/\/alzira.es\/es\/wp-json\/wp\/v2\/posts"}],"about":[{"href":"https:\/\/alzira.es\/es\/wp-json\/wp\/v2\/types\/post"}],"author":[{"embeddable":true,"href":"https:\/\/alzira.es\/es\/wp-json\/wp\/v2\/users\/29"}],"replies":[{"embeddable":true,"href":"https:\/\/alzira.es\/es\/wp-json\/wp\/v2\/comments?post=28236"}],"version-history":[{"count":0,"href":"https:\/\/alzira.es\/es\/wp-json\/wp\/v2\/posts\/28236\/revisions"}],"wp:featuredmedia":[{"embeddable":true,"href":"https:\/\/alzira.es\/es\/wp-json\/wp\/v2\/media\/28234"}],"wp:attachment":[{"href":"https:\/\/alzira.es\/es\/wp-json\/wp\/v2\/media?parent=28236"}],"wp:term":[{"taxonomy":"category","embeddable":true,"href":"https:\/\/alzira.es\/es\/wp-json\/wp\/v2\/categories?post=28236"},{"taxonomy":"post_tag","embeddable":true,"href":"https:\/\/alzira.es\/es\/wp-json\/wp\/v2\/tags?post=28236"}],"curies":[{"name":"wp","href":"https:\/\/api.w.org\/{rel}","templated":true}]}}