{"id":28215,"date":"2018-03-05T14:07:18","date_gmt":"2018-03-05T13:07:18","guid":{"rendered":"https:\/\/alzira.es\/comencen-les-obres-d-enderrocament-de-les-vivendes-del-carrer-benifaio-que-facilitara-l-acces-a-la-zona-de-vianants-d-alzira\/"},"modified":"2018-03-05T14:07:18","modified_gmt":"2018-03-05T13:07:18","slug":"comencen-les-obres-d-enderrocament-de-les-vivendes-del-carrer-benifaio-que-facilitara-l-acces-a-la-zona-de-vianants-d-alzira","status":"publish","type":"post","link":"https:\/\/alzira.es\/es\/comencen-les-obres-d-enderrocament-de-les-vivendes-del-carrer-benifaio-que-facilitara-l-acces-a-la-zona-de-vianants-d-alzira\/","title":{"rendered":"Empiezan las obras de derribo de las viviendas de la calle Benifair\u00f3 que facilitar\u00e1 el acceso a la zona de peatones de Alzira"},"content":{"rendered":"<p style=\"text-align: justify;\"><strong>Alzira, 5 de marzo de 2018 &#8211;<\/strong> La ciudad de Alzira vive una serie de cambios en sus calles con la intenci\u00f3n de mejorar la accesibilidad de los ciudadanos, avanzar hacia la sostenibilidad y cumplir con las peticiones de los vecinos y vecinas.<\/p>\n<p style=\"text-align: justify;\">Desde la concejal\u00eda de Gesti\u00f3n Urban\u00edstica, se han puesto en marcha las obras pertinentes para derribar tres casas de la calle Benifair\u00f3 que abrir\u00e1 un itinerario alternativo a la zona de peatones de Alzira. Una medida que dar\u00e1 salida al tr\u00e1nsito que qued\u00f3 anulado al cerrarlal calle Hort dels Frares hacia la zona centro de la ciudad.<\/p>\n<p style=\"text-align: justify;\">Estas obras suponen el derribo de las viviendas, acondicionamiento y urbanizaci\u00f3n del espacio con materiales y mobiliario urbano para dotarlo de una imagen adecuada. Todo ello con una inversi\u00f3n de 180.000 euros, que tambi\u00e9n incluye el pago de las casas a sus propietarios.<\/p>\n<p style=\"text-align: justify;\">Fernando Pascual, concejal de Gesti\u00f3n Urban\u00edstica, informa que \u00abeste equipo de gobierno ha realizado los estudios pertinentes para llevar a cabo estas obras, cumpliendo con el pasos y normas establecidas para tal efecto, informando a los propietarios de las viviendas, haciendo la expropiaci\u00f3n y pagos de \u00e9stas y la posterior puesta en marcha de las obras. Un objetivo que compartimos y que ya llev\u00e1bamos los grupos municipales de equipo de gobierno en el programa electoral. Debemos recordar que la apertura de la calle Benifair\u00f3 ha sido paralizada durante muchos a\u00f1os, y abrirla al tr\u00e1nsito generar\u00e1 una salida interior que comunique la zona de Tulell con la avenida de Pare Pompili\u00bb.<\/p>\n<p style=\"text-align: center;\"><a class=\"jcepopup\" title=\"Comencen les obres d\u2019enderrocament de les vivendes del carrer Benifai\u00f3 que facilitar\u00e0 l\u2019acc\u00e9s a la zona de vianants d\u2019Alzira\" href=\"https:\/\/alzira.es\/wp-content\/uploads\/2018\/03\/28424278_989522847867049_1376492261426263177_o.jpg\" target=\"_blank\" rel=\"noopener\"><img fetchpriority=\"high\" decoding=\"async\" class=\" size-full wp-image-28210\" title=\"Comencen les obres d\u2019enderrocament de les vivendes del carrer Benifai\u00f3 que facilitar\u00e0 l\u2019acc\u00e9s a la zona de vianants d\u2019Alzira\" src=\"https:\/\/alzira.es\/wp-content\/uploads\/2018\/03\/28424278_989522847867049_1376492261426263177_o.jpg\" alt=\"28424278 989522847867049 1376492261426263177 o\" width=\"242\" height=\"431\" srcset=\"https:\/\/alzira.es\/wp-content\/uploads\/2018\/03\/28424278_989522847867049_1376492261426263177_o.jpg 900w, https:\/\/alzira.es\/wp-content\/uploads\/2018\/03\/28424278_989522847867049_1376492261426263177_o-287x510.jpg 287w, https:\/\/alzira.es\/wp-content\/uploads\/2018\/03\/28424278_989522847867049_1376492261426263177_o-603x1072.jpg 603w, https:\/\/alzira.es\/wp-content\/uploads\/2018\/03\/28424278_989522847867049_1376492261426263177_o-768x1365.jpg 768w, https:\/\/alzira.es\/wp-content\/uploads\/2018\/03\/28424278_989522847867049_1376492261426263177_o-864x1536.jpg 864w\" sizes=\"(max-width: 242px) 100vw, 242px\" \/><\/a>&nbsp;<a class=\"jcepopup\" style=\"font-size: 14.4px; text-align: center;\" title=\"Comencen les obres d\u2019enderrocament de les vivendes del carrer Benifai\u00f3 que facilitar\u00e0 l\u2019acc\u00e9s a la zona de vianants d\u2019Alzira\" type=\"image\" href=\"https:\/\/alzira.es\/wp-content\/uploads\/2018\/03\/28424634_989522874533713_1738563806462970337_o.jpg\" target=\"_blank\" rel=\"noopener\"><img decoding=\"async\" class=\"size-full wp-image-28212 lazyload\" title=\"Comencen les obres d\u2019enderrocament de les vivendes del carrer Benifai\u00f3 que facilitar\u00e0 l\u2019acc\u00e9s a la zona de vianants d\u2019Alzira\" data-src=\"https:\/\/alzira.es\/wp-content\/uploads\/2018\/03\/28424634_989522874533713_1738563806462970337_o.jpg\" alt=\"28424634 989522874533713 1738563806462970337 o\" width=\"575\" height=\"431\" data-srcset=\"https:\/\/alzira.es\/wp-content\/uploads\/2018\/03\/28424634_989522874533713_1738563806462970337_o.jpg 1600w, https:\/\/alzira.es\/wp-content\/uploads\/2018\/03\/28424634_989522874533713_1738563806462970337_o-680x510.jpg 680w, https:\/\/alzira.es\/wp-content\/uploads\/2018\/03\/28424634_989522874533713_1738563806462970337_o-1430x1072.jpg 1430w, https:\/\/alzira.es\/wp-content\/uploads\/2018\/03\/28424634_989522874533713_1738563806462970337_o-768x576.jpg 768w, https:\/\/alzira.es\/wp-content\/uploads\/2018\/03\/28424634_989522874533713_1738563806462970337_o-1536x1152.jpg 1536w\" data-sizes=\"(max-width: 575px) 100vw, 575px\" src=\"data:image\/svg+xml;base64,PHN2ZyB3aWR0aD0iMSIgaGVpZ2h0PSIxIiB4bWxucz0iaHR0cDovL3d3dy53My5vcmcvMjAwMC9zdmciPjwvc3ZnPg==\" style=\"--smush-placeholder-width: 575px; --smush-placeholder-aspect-ratio: 575\/431;\" \/><\/a><\/p>\n","protected":false},"excerpt":{"rendered":"<p>Alzira, 5 de marzo de 2018 &#8211; La ciudad de Alzira vive una serie de cambios en sus calles con la intenci\u00f3n de mejorar la accesibilidad de los ciudadanos, avanzar hacia la sostenibilidad y cumplir con las peticiones de los vecinos y vecinas. Desde la concejal\u00eda de Gesti\u00f3n Urban\u00edstica, se han puesto en marcha las &hellip; <\/p>\n<p class=\"link-more\"><a href=\"https:\/\/alzira.es\/es\/comencen-les-obres-d-enderrocament-de-les-vivendes-del-carrer-benifaio-que-facilitara-l-acces-a-la-zona-de-vianants-d-alzira\/\" class=\"more-link\">Continuar leyendo<span class=\"screen-reader-text\"> \u00abEmpiezan las obras de derribo de las viviendas de la calle Benifair\u00f3 que facilitar\u00e1 el acceso a la zona de peatones de Alzira\u00bb<\/span><\/a><\/p>\n","protected":false},"author":29,"featured_media":28210,"comment_status":"","ping_status":"","sticky":false,"template":"","format":"standard","meta":{"_acf_changed":false,"footnotes":""},"categories":[1893],"tags":[],"class_list":["post-28215","post","type-post","status-publish","format-standard","has-post-thumbnail","hentry","category-hemeroteca"],"acf":[],"_links":{"self":[{"href":"https:\/\/alzira.es\/es\/wp-json\/wp\/v2\/posts\/28215","targetHints":{"allow":["GET"]}}],"collection":[{"href":"https:\/\/alzira.es\/es\/wp-json\/wp\/v2\/posts"}],"about":[{"href":"https:\/\/alzira.es\/es\/wp-json\/wp\/v2\/types\/post"}],"author":[{"embeddable":true,"href":"https:\/\/alzira.es\/es\/wp-json\/wp\/v2\/users\/29"}],"replies":[{"embeddable":true,"href":"https:\/\/alzira.es\/es\/wp-json\/wp\/v2\/comments?post=28215"}],"version-history":[{"count":0,"href":"https:\/\/alzira.es\/es\/wp-json\/wp\/v2\/posts\/28215\/revisions"}],"wp:featuredmedia":[{"embeddable":true,"href":"https:\/\/alzira.es\/es\/wp-json\/wp\/v2\/media\/28210"}],"wp:attachment":[{"href":"https:\/\/alzira.es\/es\/wp-json\/wp\/v2\/media?parent=28215"}],"wp:term":[{"taxonomy":"category","embeddable":true,"href":"https:\/\/alzira.es\/es\/wp-json\/wp\/v2\/categories?post=28215"},{"taxonomy":"post_tag","embeddable":true,"href":"https:\/\/alzira.es\/es\/wp-json\/wp\/v2\/tags?post=28215"}],"curies":[{"name":"wp","href":"https:\/\/api.w.org\/{rel}","templated":true}]}}