{"id":28195,"date":"2018-03-03T09:19:21","date_gmt":"2018-03-03T08:19:21","guid":{"rendered":"https:\/\/alzira.es\/l-ajuntament-d-alzira-realitza-tasques-de-millora-a-la-placa-soler-i-godes\/"},"modified":"2018-03-03T09:19:21","modified_gmt":"2018-03-03T08:19:21","slug":"l-ajuntament-d-alzira-realitza-tasques-de-millora-a-la-placa-soler-i-godes","status":"publish","type":"post","link":"https:\/\/alzira.es\/es\/l-ajuntament-d-alzira-realitza-tasques-de-millora-a-la-placa-soler-i-godes\/","title":{"rendered":"El Ayuntamiento de Alzira realiza tareas de mejora en la plaza Soler y Godes"},"content":{"rendered":"<p style=\"text-align: justify;\">Alzira 03 de marzo de 2018 &#8211; Desde la concejal\u00eda de Gesti\u00f3n Urban\u00edstica se han tomado medidas para realizar obras de diversa envergadura, para mejorar esta plaza que hace tiempo reclamaba atenci\u00f3n.<\/p>\n<p style=\"text-align: justify;\">Por una parte est\u00e1n sustituy\u00e9ndose las plantas que ya exist\u00edan por otras especies que no sean perjudiciales para las personas, y por otra parte tambi\u00e9n est\u00e1n mejor\u00e1ndose las jardineras de la zona. Tambi\u00e9n est\u00e1 previsto eliminar el muro que actualmente impide la entrada a los usuarios, para mejorar la accesibilidad a esta plaza.<\/p>\n<p style=\"text-align: justify;\">El concejal de Gesti\u00f3n Urban\u00edstica, Fernando Pascual, declara que \u00abuna de las zonas que ped\u00eda obras de mejora es la plaza Soler y Godes, y desde nuestro departamento siempre escuchamos a los vecinos y vecinas. Las medidas que hemos tomado para acondicionar la plaza mejorar\u00e1n bastante su imagen y su accesibilidad, que al fin y al cabo es el prop\u00f3sito de los espacios abiertos, disfrutar de ellos, y Alzira est\u00e1 adapt\u00e1ndose a los cambios, siempre por la mejora y bienestar de la poblaci\u00f3n\u00bb.<\/p>\n<p style=\"text-align: center;\"><a class=\"jcepopup\" title=\"L\u2019Ajuntament d\u2019Alzira realitza tasques de millora a la pla\u00e7a Soler i Godes\" href=\"https:\/\/alzira.es\/wp-content\/uploads\/2018\/03\/20180223_141136.jpg\" target=\"_blank\" rel=\"noopener\"><img fetchpriority=\"high\" decoding=\"async\" class=\" size-full wp-image-28191\" title=\"L\u2019Ajuntament d\u2019Alzira realitza tasques de millora a la pla\u00e7a Soler i Godes\" src=\"https:\/\/alzira.es\/wp-content\/uploads\/2018\/03\/20180223_141136.jpg\" alt=\"20180223 141136\" width=\"400\" height=\"533\" srcset=\"https:\/\/alzira.es\/wp-content\/uploads\/2018\/03\/20180223_141136.jpg 1200w, https:\/\/alzira.es\/wp-content\/uploads\/2018\/03\/20180223_141136-383x510.jpg 383w, https:\/\/alzira.es\/wp-content\/uploads\/2018\/03\/20180223_141136-804x1072.jpg 804w, https:\/\/alzira.es\/wp-content\/uploads\/2018\/03\/20180223_141136-768x1024.jpg 768w, https:\/\/alzira.es\/wp-content\/uploads\/2018\/03\/20180223_141136-1152x1536.jpg 1152w\" sizes=\"(max-width: 400px) 100vw, 400px\" \/><\/a>&nbsp;<a class=\"jcepopup\" style=\"font-size: 14.4px; text-align: center;\" title=\"L\u2019Ajuntament d\u2019Alzira realitza tasques de millora a la pla\u00e7a Soler i Godes\" type=\"image\" href=\"https:\/\/alzira.es\/wp-content\/uploads\/2018\/03\/20180223_141143.jpg\" target=\"_blank\" rel=\"noopener\"><img decoding=\"async\" class=\"size-full wp-image-28193 lazyload\" title=\"L\u2019Ajuntament d\u2019Alzira realitza tasques de millora a la pla\u00e7a Soler i Godes\" data-src=\"https:\/\/alzira.es\/wp-content\/uploads\/2018\/03\/20180223_141143.jpg\" alt=\"20180223 141143\" width=\"400\" height=\"533\" data-srcset=\"https:\/\/alzira.es\/wp-content\/uploads\/2018\/03\/20180223_141143.jpg 1200w, https:\/\/alzira.es\/wp-content\/uploads\/2018\/03\/20180223_141143-383x510.jpg 383w, https:\/\/alzira.es\/wp-content\/uploads\/2018\/03\/20180223_141143-804x1072.jpg 804w, https:\/\/alzira.es\/wp-content\/uploads\/2018\/03\/20180223_141143-768x1024.jpg 768w, https:\/\/alzira.es\/wp-content\/uploads\/2018\/03\/20180223_141143-1152x1536.jpg 1152w\" data-sizes=\"(max-width: 400px) 100vw, 400px\" src=\"data:image\/svg+xml;base64,PHN2ZyB3aWR0aD0iMSIgaGVpZ2h0PSIxIiB4bWxucz0iaHR0cDovL3d3dy53My5vcmcvMjAwMC9zdmciPjwvc3ZnPg==\" style=\"--smush-placeholder-width: 400px; --smush-placeholder-aspect-ratio: 400\/533;\" \/><\/a><\/p>\n","protected":false},"excerpt":{"rendered":"<p>Alzira 03 de marzo de 2018 &#8211; Desde la concejal\u00eda de Gesti\u00f3n Urban\u00edstica se han tomado medidas para realizar obras de diversa envergadura, para mejorar esta plaza que hace tiempo reclamaba atenci\u00f3n. Por una parte est\u00e1n sustituy\u00e9ndose las plantas que ya exist\u00edan por otras especies que no sean perjudiciales para las personas, y por otra &hellip; <\/p>\n<p class=\"link-more\"><a href=\"https:\/\/alzira.es\/es\/l-ajuntament-d-alzira-realitza-tasques-de-millora-a-la-placa-soler-i-godes\/\" class=\"more-link\">Continuar leyendo<span class=\"screen-reader-text\"> \u00abEl Ayuntamiento de Alzira realiza tareas de mejora en la plaza Soler y Godes\u00bb<\/span><\/a><\/p>\n","protected":false},"author":29,"featured_media":28191,"comment_status":"","ping_status":"","sticky":false,"template":"","format":"standard","meta":{"_acf_changed":false,"footnotes":""},"categories":[1893],"tags":[],"class_list":["post-28195","post","type-post","status-publish","format-standard","has-post-thumbnail","hentry","category-hemeroteca"],"acf":[],"_links":{"self":[{"href":"https:\/\/alzira.es\/es\/wp-json\/wp\/v2\/posts\/28195","targetHints":{"allow":["GET"]}}],"collection":[{"href":"https:\/\/alzira.es\/es\/wp-json\/wp\/v2\/posts"}],"about":[{"href":"https:\/\/alzira.es\/es\/wp-json\/wp\/v2\/types\/post"}],"author":[{"embeddable":true,"href":"https:\/\/alzira.es\/es\/wp-json\/wp\/v2\/users\/29"}],"replies":[{"embeddable":true,"href":"https:\/\/alzira.es\/es\/wp-json\/wp\/v2\/comments?post=28195"}],"version-history":[{"count":0,"href":"https:\/\/alzira.es\/es\/wp-json\/wp\/v2\/posts\/28195\/revisions"}],"wp:featuredmedia":[{"embeddable":true,"href":"https:\/\/alzira.es\/es\/wp-json\/wp\/v2\/media\/28191"}],"wp:attachment":[{"href":"https:\/\/alzira.es\/es\/wp-json\/wp\/v2\/media?parent=28195"}],"wp:term":[{"taxonomy":"category","embeddable":true,"href":"https:\/\/alzira.es\/es\/wp-json\/wp\/v2\/categories?post=28195"},{"taxonomy":"post_tag","embeddable":true,"href":"https:\/\/alzira.es\/es\/wp-json\/wp\/v2\/tags?post=28195"}],"curies":[{"name":"wp","href":"https:\/\/api.w.org\/{rel}","templated":true}]}}