{"id":28183,"date":"2018-03-02T19:03:35","date_gmt":"2018-03-02T18:03:35","guid":{"rendered":"https:\/\/alzira.es\/jornades-d-acolliment-familiar-a-alzira-els-dies-6-i-7-de-marc\/"},"modified":"2018-03-02T19:03:35","modified_gmt":"2018-03-02T18:03:35","slug":"jornades-d-acolliment-familiar-a-alzira-els-dies-6-i-7-de-marc","status":"publish","type":"post","link":"https:\/\/alzira.es\/es\/jornades-d-acolliment-familiar-a-alzira-els-dies-6-i-7-de-marc\/","title":{"rendered":"Jornadas de Acogida Familiar en Alzira los d\u00edas 6 y 7 de marzo"},"content":{"rendered":"<p style=\"text-align: justify;\">Alzira, 2 de marzo de 2018.- El Ayuntamiento de Alzira colabora junto a la Asociaci\u00f3n de Voluntarios de Acogida Familiar (AVAF) en las Jornadas de Acogida Familiar que se celebran en la Casa de la Cultura de la ciudad, los d\u00edas 6 y 7 de marzo. Unas jornadas que han sido organizadas por la Vicepresidencia de la GV y la Conselleria de Igualdad y Pol\u00edticas Inclusivas.<\/p>\n<p style=\"text-align: justify;\">Las Jornadas dar\u00e1n inicio el martes, 6 de marzo, a las 9 horas con la presentaci\u00f3n de las mismas y la entrega de una placa identificativa como municipio acogedor a Alzira. La recibir\u00e1 el alcalde, Diego G\u00f3mez, de manos de la directora general de Infancia, Rosa Molero.<\/p>\n<p style=\"text-align: justify;\">A continuaci\u00f3n, tendr\u00e1 lugar una mesa redonda dirigida a profesionales del \u00e1mbito social, educativo y sanitario. Tambi\u00e9n se mostrar\u00e1 la experiencia de una familia acogedora. Se realizar\u00e1n ponencias del presidente de AVAF, Francisco Gonz\u00e1lez, y de la profesora de la Facultad de Trabajo Social, Carmen Martorell.<\/p>\n<p style=\"text-align: justify;\">El mi\u00e9rcoles 7 de marzo, de 10 a 13 horas, en el mercado ambulante habr\u00e1 una mesa informativa dirigida al p\u00fablico, en general.<\/p>\n<p style=\"text-align: justify;\">Por la tarde, el mismo mi\u00e9rcoles, en la Casa de la Cultura, de 17 a 19 horas, se proyectar\u00e1 la pel\u00edcula Verano del 93 con un coloquio posterior a la proyecci\u00f3n dirigida al p\u00fablico, en general.<\/p>\n<p style=\"text-align: justify;\"><strong>Acogida Familiar<\/strong><\/p>\n<p style=\"text-align: justify;\">La acogida familiar tiene una larga tradici\u00f3n al nuestro municipio, desde Servicios Sociales municipal se ha priorizado este tipo de recurso ante otros, cuando el ni\u00f1o\/a no puede estar con sus padres por las diferentes deficiencias que estos presentan.<\/p>\n<p style=\"text-align: justify;\">La acogida familiar pretende ofrecer a los ni\u00f1os y j\u00f3venes el afecto y apoyo necesario por poder desarrollarse adecuadamente a todos los niveles. Los acogedores van a intentar que el menor se integre en la comunidad y tenga un modelo familiar adecuado.<\/p>\n<p style=\"text-align: justify;\">Este tipo de recurso ha existido siempre de forma espont\u00e1nea. Todos sabemos casos que los padres no han podido hacerse cargo de sus hijos y de forma temporal o permanente los abuelos, t\u00edos o vecinos han realizado el papel de padres.<\/p>\n<p style=\"text-align: justify;\">Actualmente, las familias extensas juegan un papel muy importante en esta dif\u00edcil tarea, en nuestro municipio hay 20 familias acogedoras que tienen acogidos a alg\u00fan miembro de su familia con resoluci\u00f3n de la Conselleria de Igualdad y Pol\u00edticas Inclusivas.<\/p>\n<p style=\"text-align: justify;\">Nuestra Legislaci\u00f3n es suficiente clara, desde la Declaraci\u00f3n Universal de los Derechos Humanos de 1984, pasando por la Declaraci\u00f3n de los Derechos del ni\u00f1o\/a de 1959, as\u00ed como la Constituci\u00f3n Espa\u00f1ola en su art\u00edculo 39, la normativa establece que el estado debe proteger a los ni\u00f1os y ni\u00f1as y ofrecerles aquellos recursos que no suponen una salida del menor de su entorno y de su familia extensa.<\/p>\n<p style=\"text-align: justify;\">Se considera importante que el Ayuntamiento de Alzira se adhiera al programa carnet de familia educadora, para facilitar a las familias ventajas y descuentos en todos aquellos servicios de titularidad municipal y que suponga un beneficio, tanto para la familia como para el menor acogido.<\/p>\n","protected":false},"excerpt":{"rendered":"<p>Alzira, 2 de marzo de 2018.- El Ayuntamiento de Alzira colabora junto a la Asociaci\u00f3n de Voluntarios de Acogida Familiar (AVAF) en las Jornadas de Acogida Familiar que se celebran en la Casa de la Cultura de la ciudad, los d\u00edas 6 y 7 de marzo. Unas jornadas que han sido organizadas por la Vicepresidencia &hellip; <\/p>\n<p class=\"link-more\"><a href=\"https:\/\/alzira.es\/es\/jornades-d-acolliment-familiar-a-alzira-els-dies-6-i-7-de-marc\/\" class=\"more-link\">Continuar leyendo<span class=\"screen-reader-text\"> \u00abJornadas de Acogida Familiar en Alzira los d\u00edas 6 y 7 de marzo\u00bb<\/span><\/a><\/p>\n","protected":false},"author":29,"featured_media":0,"comment_status":"","ping_status":"","sticky":false,"template":"","format":"standard","meta":{"_acf_changed":false,"footnotes":""},"categories":[1893],"tags":[],"class_list":["post-28183","post","type-post","status-publish","format-standard","hentry","category-hemeroteca"],"acf":[],"_links":{"self":[{"href":"https:\/\/alzira.es\/es\/wp-json\/wp\/v2\/posts\/28183","targetHints":{"allow":["GET"]}}],"collection":[{"href":"https:\/\/alzira.es\/es\/wp-json\/wp\/v2\/posts"}],"about":[{"href":"https:\/\/alzira.es\/es\/wp-json\/wp\/v2\/types\/post"}],"author":[{"embeddable":true,"href":"https:\/\/alzira.es\/es\/wp-json\/wp\/v2\/users\/29"}],"replies":[{"embeddable":true,"href":"https:\/\/alzira.es\/es\/wp-json\/wp\/v2\/comments?post=28183"}],"version-history":[{"count":0,"href":"https:\/\/alzira.es\/es\/wp-json\/wp\/v2\/posts\/28183\/revisions"}],"wp:attachment":[{"href":"https:\/\/alzira.es\/es\/wp-json\/wp\/v2\/media?parent=28183"}],"wp:term":[{"taxonomy":"category","embeddable":true,"href":"https:\/\/alzira.es\/es\/wp-json\/wp\/v2\/categories?post=28183"},{"taxonomy":"post_tag","embeddable":true,"href":"https:\/\/alzira.es\/es\/wp-json\/wp\/v2\/tags?post=28183"}],"curies":[{"name":"wp","href":"https:\/\/api.w.org\/{rel}","templated":true}]}}