{"id":28144,"date":"2018-03-02T12:46:41","date_gmt":"2018-03-02T11:46:41","guid":{"rendered":"https:\/\/alzira.es\/representants-de-l-ambit-agrari-europeu-visiten-el-mercat-ecologic-d-alzira\/"},"modified":"2018-03-02T12:46:41","modified_gmt":"2018-03-02T11:46:41","slug":"representants-de-l-ambit-agrari-europeu-visiten-el-mercat-ecologic-d-alzira","status":"publish","type":"post","link":"https:\/\/alzira.es\/es\/representants-de-l-ambit-agrari-europeu-visiten-el-mercat-ecologic-d-alzira\/","title":{"rendered":"Representantes del \u00e1mbito agrario europeo visitan el Mercado Ecol\u00f3gico de Alzira"},"content":{"rendered":"<p style=\"text-align: justify;\">Alzira 2 de marzo de 2018.- El alcalde de Alzira, Diego G\u00f3mez, y el concejal de Medio Ambiente, Pep Carrerws, han recibido esta semana a una comisi\u00f3n de representantes del \u00e1mbito agrario de diferentes pa\u00edses europeos interesados en el Mercado Ecol\u00f3gico de Alzira que se celebra cada mi\u00e9rcoles, como una experiencia organizativa transformadora.<\/p>\n<p style=\"text-align: justify;\">Esta delegaci\u00f3n durante su visita en Valencia conocer\u00e1 experiencias en los \u00e1mbitos de la organizaci\u00f3n, producci\u00f3n, comercializaci\u00f3n, regulaci\u00f3n agrarias y alimentarias, en una visita coordinada por la Coordinadora de Agricultores y Ganaderos de la Comunidad Valenciana (COAGCV). En el caso de Alzira, su inter\u00e9s lo generaba el Mercado Eco como experiencia de compra directa al labrador.<\/p>\n<p style=\"text-align: justify;\">Carreres ha manifestado: \u00abEs gratificante y muy positivo que el Mercado Ecol\u00f3gico de Alzira sea puesto como ejemplo dentro de un proyecto en el \u00e1mbito europeo. Este mercado est\u00e1 en funcionamiento desde diciembre de 2016 y va consolid\u00e1ndose dentro de la ciudad como otro mercado paralelo al ambulante de cada mi\u00e9rcoles. Adem\u00e1s, se pone de manifiesto la importancia de diversificar la oferta de productos y act\u00faa como revulsivo para los comercios de la zona\u00bb.<\/p>\n<p style=\"text-align: justify;\">La visita est\u00e1 enmarcada en el proyecto \u00abBringing Organisations and Network Development donde Higher Levels in the Farming Sector in Europe (BOND en sus siglas en ingl\u00e9s)\u00bb, que empez\u00f3 a caminar el pasado 7 de noviembre y dio lugar en Bruselas al consorcio de organizaciones e Instituciones que lideran el proyecto, que fue seleccionado por la Comisi\u00f3n Europea con la m\u00e1xima puntuaci\u00f3n posible.<br \/>Diferentes organizaciones ligadas a la V\u00eda Campesina europea (de Portugal, Gran Breta\u00f1a, Hungr\u00eda, Ruman\u00eda, el Sindicato Labrego Galego y COAGCV), tres universidades de gran prestigio (Coventry, Wageningen y C\u00f3rdoba), cooperativas de referencia mundial (Noruega, Holanda, Francia e Italia), junto al Ministerio de Agricultura moldavo y la Organizaci\u00f3n de Naciones Unidas para la Agricultura y la Alimentaci\u00f3n (FAO), participan en un consorcio multiactor en el desarrollo del proyecto.<\/p>\n<p style=\"text-align: justify;\">Este proyecto reconoce el papel fundamental que tienen los agricultores y las agricultoras en el desarrollo medioambiental y econ\u00f3mico sostenible del sector agr\u00edcola a Europa, as\u00ed como la importancia de su organizaci\u00f3n. BOND contribuye a desencadenar, fortalecer y organizar el gran potencial de acci\u00f3n colectiva y creaci\u00f3n de redes, grupos y entidades de agricultores y administradores de tierras, centr\u00e1ndose en pa\u00edses con niveles de organizaci\u00f3n m\u00e1s bajos, de cara a crear coordinaciones fuertes, din\u00e1micas y eficaces que tengan ve y lugar en el dise\u00f1o de pol\u00edticas.<\/p>\n<p style=\"text-align: center;\"><a class=\"jcepopup\" title=\"Representants de l\u2019\u00e0mbit agrari europeu visiten el Mercat Ecol\u00f2gic d\u2019Alzira \" href=\"https:\/\/alzira.es\/wp-content\/uploads\/2018\/03\/IMG_3010.jpg\" target=\"_blank\" rel=\"noopener\"><img fetchpriority=\"high\" decoding=\"async\" class=\" size-full wp-image-28141\" title=\"Representants de l\u2019\u00e0mbit agrari europeu visiten el Mercat Ecol\u00f2gic d\u2019Alzira \" src=\"https:\/\/alzira.es\/wp-content\/uploads\/2018\/03\/IMG_3010.jpg\" alt=\"IMG 3010\" width=\"600\" height=\"400\" \/><\/a><\/p>\n","protected":false},"excerpt":{"rendered":"<p>Alzira 2 de marzo de 2018.- El alcalde de Alzira, Diego G\u00f3mez, y el concejal de Medio Ambiente, Pep Carrerws, han recibido esta semana a una comisi\u00f3n de representantes del \u00e1mbito agrario de diferentes pa\u00edses europeos interesados en el Mercado Ecol\u00f3gico de Alzira que se celebra cada mi\u00e9rcoles, como una experiencia organizativa transformadora. Esta delegaci\u00f3n &hellip; <\/p>\n<p class=\"link-more\"><a href=\"https:\/\/alzira.es\/es\/representants-de-l-ambit-agrari-europeu-visiten-el-mercat-ecologic-d-alzira\/\" class=\"more-link\">Continuar leyendo<span class=\"screen-reader-text\"> \u00abRepresentantes del \u00e1mbito agrario europeo visitan el Mercado Ecol\u00f3gico de Alzira\u00bb<\/span><\/a><\/p>\n","protected":false},"author":29,"featured_media":22787,"comment_status":"","ping_status":"","sticky":false,"template":"","format":"standard","meta":{"_acf_changed":false,"footnotes":""},"categories":[1893],"tags":[],"class_list":["post-28144","post","type-post","status-publish","format-standard","has-post-thumbnail","hentry","category-hemeroteca"],"acf":[],"_links":{"self":[{"href":"https:\/\/alzira.es\/es\/wp-json\/wp\/v2\/posts\/28144","targetHints":{"allow":["GET"]}}],"collection":[{"href":"https:\/\/alzira.es\/es\/wp-json\/wp\/v2\/posts"}],"about":[{"href":"https:\/\/alzira.es\/es\/wp-json\/wp\/v2\/types\/post"}],"author":[{"embeddable":true,"href":"https:\/\/alzira.es\/es\/wp-json\/wp\/v2\/users\/29"}],"replies":[{"embeddable":true,"href":"https:\/\/alzira.es\/es\/wp-json\/wp\/v2\/comments?post=28144"}],"version-history":[{"count":0,"href":"https:\/\/alzira.es\/es\/wp-json\/wp\/v2\/posts\/28144\/revisions"}],"wp:featuredmedia":[{"embeddable":true,"href":"https:\/\/alzira.es\/es\/wp-json\/wp\/v2\/media\/22787"}],"wp:attachment":[{"href":"https:\/\/alzira.es\/es\/wp-json\/wp\/v2\/media?parent=28144"}],"wp:term":[{"taxonomy":"category","embeddable":true,"href":"https:\/\/alzira.es\/es\/wp-json\/wp\/v2\/categories?post=28144"},{"taxonomy":"post_tag","embeddable":true,"href":"https:\/\/alzira.es\/es\/wp-json\/wp\/v2\/tags?post=28144"}],"curies":[{"name":"wp","href":"https:\/\/api.w.org\/{rel}","templated":true}]}}