{"id":28137,"date":"2018-03-01T19:36:58","date_gmt":"2018-03-01T18:36:58","guid":{"rendered":"https:\/\/alzira.es\/informacion-con-respecto-a-la-emision-del-pleno-del-mes-de-febrero-por-streaming\/"},"modified":"2018-03-01T19:36:58","modified_gmt":"2018-03-01T18:36:58","slug":"informacion-con-respecto-a-la-emision-del-pleno-del-mes-de-febrero-por-streaming","status":"publish","type":"post","link":"https:\/\/alzira.es\/es\/informacion-con-respecto-a-la-emision-del-pleno-del-mes-de-febrero-por-streaming\/","title":{"rendered":"Informaci\u00f3n con respecto a la emisi\u00f3n del pleno del mes de febrero por streaming"},"content":{"rendered":"<p style=\"text-align: justify;\">Por aver\u00eda t\u00e9cnica a la conexi\u00f3n a Internet, el pleno del mi\u00e9rcoles 28 de febrero no se pudo emitir en directo por streaming como es habitual. Si bien, se pudo escuchar en tiempo real por Alzira Radio www.alziraradio.com.<\/p>\n<p style=\"text-align: justify;\">Las personas interesadas en escucharlo pueden hacerlo desde ahora en www.alziraradio.com o en los siguientes enlaces:<\/p>\n<p style=\"text-align: justify; margin-left: 30px;\">1\u00aa parte-&nbsp;<span style=\"font-size: 12pt; font-family: 'Times New Roman', serif;\"><a href=\"http:\/\/bit.ly\/2FdO8qZ\"><span style=\"font-size: 11.5pt; font-family: Arial, sans-serif;\">http:\/\/bit.ly\/2FdO8qZ<\/span><\/a><\/span><br \/>2\u00aa parte-&nbsp;<a href=\"http:\/\/bit.ly\/2t5UYdi\"><span style=\"font-size: 11pt; font-family: Arial, sans-serif;\">http:\/\/bit.ly\/2t5UYdi<\/span><\/a><\/p>\n<p style=\"text-align: justify; margin-left: 30px;\">As\u00ed como a partir de la pr\u00f3xima semana mediante la videoacta del citado pleno, a http:\/\/se\/PortalRepro\/plenos.php.<\/p>\n","protected":false},"excerpt":{"rendered":"<p>Por aver\u00eda t\u00e9cnica a la conexi\u00f3n a Internet, el pleno del mi\u00e9rcoles 28 de febrero no se pudo emitir en directo por streaming como es habitual. Si bien, se pudo escuchar en tiempo real por Alzira Radio www.alziraradio.com. Las personas interesadas en escucharlo pueden hacerlo desde ahora en www.alziraradio.com o en los siguientes enlaces: 1\u00aa &hellip; <\/p>\n<p class=\"link-more\"><a href=\"https:\/\/alzira.es\/es\/informacion-con-respecto-a-la-emision-del-pleno-del-mes-de-febrero-por-streaming\/\" class=\"more-link\">Continuar leyendo<span class=\"screen-reader-text\"> \u00abInformaci\u00f3n con respecto a la emisi\u00f3n del pleno del mes de febrero por streaming\u00bb<\/span><\/a><\/p>\n","protected":false},"author":29,"featured_media":0,"comment_status":"","ping_status":"","sticky":false,"template":"","format":"standard","meta":{"_acf_changed":false,"footnotes":""},"categories":[1893],"tags":[],"class_list":["post-28137","post","type-post","status-publish","format-standard","hentry","category-hemeroteca"],"acf":[],"_links":{"self":[{"href":"https:\/\/alzira.es\/es\/wp-json\/wp\/v2\/posts\/28137","targetHints":{"allow":["GET"]}}],"collection":[{"href":"https:\/\/alzira.es\/es\/wp-json\/wp\/v2\/posts"}],"about":[{"href":"https:\/\/alzira.es\/es\/wp-json\/wp\/v2\/types\/post"}],"author":[{"embeddable":true,"href":"https:\/\/alzira.es\/es\/wp-json\/wp\/v2\/users\/29"}],"replies":[{"embeddable":true,"href":"https:\/\/alzira.es\/es\/wp-json\/wp\/v2\/comments?post=28137"}],"version-history":[{"count":0,"href":"https:\/\/alzira.es\/es\/wp-json\/wp\/v2\/posts\/28137\/revisions"}],"wp:attachment":[{"href":"https:\/\/alzira.es\/es\/wp-json\/wp\/v2\/media?parent=28137"}],"wp:term":[{"taxonomy":"category","embeddable":true,"href":"https:\/\/alzira.es\/es\/wp-json\/wp\/v2\/categories?post=28137"},{"taxonomy":"post_tag","embeddable":true,"href":"https:\/\/alzira.es\/es\/wp-json\/wp\/v2\/tags?post=28137"}],"curies":[{"name":"wp","href":"https:\/\/api.w.org\/{rel}","templated":true}]}}