{"id":28122,"date":"2018-03-01T18:57:08","date_gmt":"2018-03-01T17:57:08","guid":{"rendered":"https:\/\/alzira.es\/la-nova-sectoritzacio-de-la-xarxa-de-distribucio-d-aigua-potable-a-alzira-estalviara-anualment-mes-de-650-000-m3\/"},"modified":"2018-03-01T18:57:08","modified_gmt":"2018-03-01T17:57:08","slug":"la-nova-sectoritzacio-de-la-xarxa-de-distribucio-d-aigua-potable-a-alzira-estalviara-anualment-mes-de-650-000-m3","status":"publish","type":"post","link":"https:\/\/alzira.es\/es\/la-nova-sectoritzacio-de-la-xarxa-de-distribucio-d-aigua-potable-a-alzira-estalviara-anualment-mes-de-650-000-m3\/","title":{"rendered":"La nueva sectorizaci\u00f3n de la red de distribuci\u00f3n de agua potable, en Alzira, ahorrar\u00e1 anualmente m\u00e1s de 650.000 m3"},"content":{"rendered":"<p style=\"text-align: justify;\">Alzira 01 de marzo de 2018 &#8211; Desde hace dos a\u00f1os, se est\u00e1 llevando a cabo la modificaci\u00f3n de la sectorizaci\u00f3n de la red de distribuci\u00f3n de agua potable, en la ciudad de Alzira. Una medida que empez\u00f3 con 9 sectores y que en estos momentos es de 15, con el objetivo de que a la finalizaci\u00f3n de los trabajos podamos hablar de 27 sectores. La mencionada sectorizaci\u00f3n es una herramienta b\u00e1sica para poder gestionar las p\u00e9rdidas de agua que son inherentes a cualquier sistema hidr\u00e1ulico, y que tanto como sea posible hay siempre que minimizar.<\/p>\n<p style=\"text-align: justify;\">La concejal\u00eda de Gesti\u00f3n Urban\u00edstica informa que la ejecuci\u00f3n del proyecto, a cargo de la empresa Aguas de Valencia, ha supuesto estudiar con detenimiento la red y despu\u00e9s dise\u00f1ar la divisi\u00f3n de todo el abastecimiento en sectores, mediante la instalaci\u00f3n de nuevas v\u00e1lvulas de corte o el cierre de existentes, y la colocaci\u00f3n de contadores generales para poder conocer en cada momento el caudal y presi\u00f3n que entra en cada uno de los sectores en que hemos dividido Alzira en un total de m\u00e1s de 190 km de tuber\u00edas, dividida en estos momentos en 15 sectores. Y gracias a estos trabajos hemos mejorado el rendimiento de la red en unos 5,5 %, con lo que hemos ahorrado m\u00e1s de 300.000 m3 desde el inicio de este proyecto.<\/p>\n<p style=\"text-align: justify;\">Aparte de la instalaci\u00f3n de v\u00e1lvulas de corte y contadores, se integrar\u00e1n al abastecimiento unos equipos electr\u00f3nicos que tienen la capacidad de registrar los caudales y presiones existentes a los sectores y enviar la informaci\u00f3n en el centro de c\u00e1lculo, que analizar\u00e1 cada d\u00eda un volumen superior a los 6.000 datos.<\/p>\n<p style=\"text-align: justify;\">El concejal de Gesti\u00f3n Urban\u00edstica, Fernando Pascual, asegura que \u00ablos trabajos de sectorizaci\u00f3n, que est\u00e1n realiz\u00e1ndose, tienen como objetivo reunir a un rendimiento del 75 % que producir\u00e1 un ahorro de 650.000 m3 de agua al a\u00f1o, casi un 15 % m\u00e1s que el actual porcentaje, sin duda unas medidas necesarias y que mejorar\u00e1n la red de la ciudad\u00bb.<\/p>\n<p style=\"text-align: center;\"><a class=\"jcepopup\" title=\"La nova sectoritzaci\u00f3 de la xarxa de distribuci\u00f3 d\u2019aigua potable, a Alzira, estalviar\u00e0 anualment m\u00e9s de 650.000 m3\" href=\"https:\/\/alzira.es\/wp-content\/uploads\/2018\/03\/ef1913c1-f57d-48d3-8b35-9ccef78cc0ce.jpg\" target=\"_blank\" rel=\"noopener\"><img fetchpriority=\"high\" decoding=\"async\" class=\" size-full wp-image-28117\" title=\"La nova sectoritzaci\u00f3 de la xarxa de distribuci\u00f3 d\u2019aigua potable, a Alzira, estalviar\u00e0 anualment m\u00e9s de 650.000 m3\" src=\"https:\/\/alzira.es\/wp-content\/uploads\/2018\/03\/ef1913c1-f57d-48d3-8b35-9ccef78cc0ce.jpg\" alt=\"ef1913c1-f57d-48d3-8b35-9ccef78cc0ce\" width=\"550\" height=\"309\" srcset=\"https:\/\/alzira.es\/wp-content\/uploads\/2018\/03\/ef1913c1-f57d-48d3-8b35-9ccef78cc0ce.jpg 1600w, https:\/\/alzira.es\/wp-content\/uploads\/2018\/03\/ef1913c1-f57d-48d3-8b35-9ccef78cc0ce-680x383.jpg 680w, https:\/\/alzira.es\/wp-content\/uploads\/2018\/03\/ef1913c1-f57d-48d3-8b35-9ccef78cc0ce-1430x804.jpg 1430w, https:\/\/alzira.es\/wp-content\/uploads\/2018\/03\/ef1913c1-f57d-48d3-8b35-9ccef78cc0ce-768x432.jpg 768w, https:\/\/alzira.es\/wp-content\/uploads\/2018\/03\/ef1913c1-f57d-48d3-8b35-9ccef78cc0ce-1536x864.jpg 1536w\" sizes=\"(max-width: 550px) 100vw, 550px\" \/><\/a>&nbsp;<a class=\"jcepopup\" style=\"font-size: 14.4px; text-align: center;\" title=\"La nova sectoritzaci\u00f3 de la xarxa de distribuci\u00f3 d\u2019aigua potable, a Alzira, estalviar\u00e0 anualment m\u00e9s de 650.000 m3\" type=\"image\" href=\"https:\/\/alzira.es\/wp-content\/uploads\/2018\/03\/ef1913c1-f57d-48d3-8b35-9ccef78cc0cd.jpg\" target=\"_blank\" rel=\"noopener\"><img decoding=\"async\" class=\"size-full wp-image-28120 lazyload\" title=\"La nova sectoritzaci\u00f3 de la xarxa de distribuci\u00f3 d\u2019aigua potable, a Alzira, estalviar\u00e0 anualment m\u00e9s de 650.000 m3\" data-src=\"https:\/\/alzira.es\/wp-content\/uploads\/2018\/03\/ef1913c1-f57d-48d3-8b35-9ccef78cc0cd.jpg\" alt=\"ef1913c1-f57d-48d3-8b35-9ccef78cc0cd\" width=\"174\" height=\"309\" data-srcset=\"https:\/\/alzira.es\/wp-content\/uploads\/2018\/03\/ef1913c1-f57d-48d3-8b35-9ccef78cc0cd.jpg 900w, https:\/\/alzira.es\/wp-content\/uploads\/2018\/03\/ef1913c1-f57d-48d3-8b35-9ccef78cc0cd-287x510.jpg 287w, https:\/\/alzira.es\/wp-content\/uploads\/2018\/03\/ef1913c1-f57d-48d3-8b35-9ccef78cc0cd-603x1072.jpg 603w, https:\/\/alzira.es\/wp-content\/uploads\/2018\/03\/ef1913c1-f57d-48d3-8b35-9ccef78cc0cd-768x1365.jpg 768w, https:\/\/alzira.es\/wp-content\/uploads\/2018\/03\/ef1913c1-f57d-48d3-8b35-9ccef78cc0cd-864x1536.jpg 864w\" data-sizes=\"(max-width: 174px) 100vw, 174px\" src=\"data:image\/svg+xml;base64,PHN2ZyB3aWR0aD0iMSIgaGVpZ2h0PSIxIiB4bWxucz0iaHR0cDovL3d3dy53My5vcmcvMjAwMC9zdmciPjwvc3ZnPg==\" style=\"--smush-placeholder-width: 174px; --smush-placeholder-aspect-ratio: 174\/309;\" \/><\/a><\/p>\n","protected":false},"excerpt":{"rendered":"<p>Alzira 01 de marzo de 2018 &#8211; Desde hace dos a\u00f1os, se est\u00e1 llevando a cabo la modificaci\u00f3n de la sectorizaci\u00f3n de la red de distribuci\u00f3n de agua potable, en la ciudad de Alzira. Una medida que empez\u00f3 con 9 sectores y que en estos momentos es de 15, con el objetivo de que a &hellip; <\/p>\n<p class=\"link-more\"><a href=\"https:\/\/alzira.es\/es\/la-nova-sectoritzacio-de-la-xarxa-de-distribucio-d-aigua-potable-a-alzira-estalviara-anualment-mes-de-650-000-m3\/\" class=\"more-link\">Continuar leyendo<span class=\"screen-reader-text\"> \u00abLa nueva sectorizaci\u00f3n de la red de distribuci\u00f3n de agua potable, en Alzira, ahorrar\u00e1 anualmente m\u00e1s de 650.000 m3\u00bb<\/span><\/a><\/p>\n","protected":false},"author":29,"featured_media":28117,"comment_status":"","ping_status":"","sticky":false,"template":"","format":"standard","meta":{"_acf_changed":false,"footnotes":""},"categories":[1893],"tags":[],"class_list":["post-28122","post","type-post","status-publish","format-standard","has-post-thumbnail","hentry","category-hemeroteca"],"acf":[],"_links":{"self":[{"href":"https:\/\/alzira.es\/es\/wp-json\/wp\/v2\/posts\/28122","targetHints":{"allow":["GET"]}}],"collection":[{"href":"https:\/\/alzira.es\/es\/wp-json\/wp\/v2\/posts"}],"about":[{"href":"https:\/\/alzira.es\/es\/wp-json\/wp\/v2\/types\/post"}],"author":[{"embeddable":true,"href":"https:\/\/alzira.es\/es\/wp-json\/wp\/v2\/users\/29"}],"replies":[{"embeddable":true,"href":"https:\/\/alzira.es\/es\/wp-json\/wp\/v2\/comments?post=28122"}],"version-history":[{"count":0,"href":"https:\/\/alzira.es\/es\/wp-json\/wp\/v2\/posts\/28122\/revisions"}],"wp:featuredmedia":[{"embeddable":true,"href":"https:\/\/alzira.es\/es\/wp-json\/wp\/v2\/media\/28117"}],"wp:attachment":[{"href":"https:\/\/alzira.es\/es\/wp-json\/wp\/v2\/media?parent=28122"}],"wp:term":[{"taxonomy":"category","embeddable":true,"href":"https:\/\/alzira.es\/es\/wp-json\/wp\/v2\/categories?post=28122"},{"taxonomy":"post_tag","embeddable":true,"href":"https:\/\/alzira.es\/es\/wp-json\/wp\/v2\/tags?post=28122"}],"curies":[{"name":"wp","href":"https:\/\/api.w.org\/{rel}","templated":true}]}}