{"id":28109,"date":"2018-02-28T19:26:33","date_gmt":"2018-02-28T18:26:33","guid":{"rendered":"https:\/\/alzira.es\/dilluns-comencen-les-obres-del-canal-de-les-basses\/"},"modified":"2018-02-28T19:26:33","modified_gmt":"2018-02-28T18:26:33","slug":"dilluns-comencen-les-obres-del-canal-de-les-basses","status":"publish","type":"post","link":"https:\/\/alzira.es\/es\/dilluns-comencen-les-obres-del-canal-de-les-basses\/","title":{"rendered":"El lunes empiezan las obras del canal de les Basses"},"content":{"rendered":"<p style=\"text-align: justify;\">Alzira 28 de febrero de 2018.- Este ma\u00f1ana el director general del Agua, Manuel Aldeguer, el alcalde de Alzira, Diego G\u00f3mez, y el concejal de Gesti\u00f3n Urban\u00edstica Fernando Pascual, han anunciado el comienzo de las obras de drenaje del Canal de les Basses, que tendr\u00e1 lugar el pr\u00f3ximo lunes 5 de marzo.<\/p>\n<p style=\"text-align: justify;\">A la reuni\u00f3n, que han mantenido en el local de la asociaci\u00f3n de vecinos de les Basses, han estado presentes tambi\u00e9n representantes de la empresa adjudicataria, la UTE Canal Alzira, los t\u00e9cnicos de la Conselleria de Agricultura y Medio Ambiente, los concejales de Seguridad y Medio Ambiente del Ayuntamiento de Alzira y los vecinos de la zona afectada.<\/p>\n<p style=\"text-align: justify;\">\u00abEs una obra muy necesaria que mejorar\u00e1 la situaci\u00f3n de las familias y del barrio, un primer paso muy importante\u00bb, ha indicado Aldeguer.<\/p>\n<p style=\"text-align: justify;\">El objetivo de las presentes obras es llevar a cabo las actuaciones t\u00e9cnicamente y econ\u00f3micamente m\u00e1s convenientes para mejorar los problemas que en estos momentos plantean las escorrent\u00edas superficiales, que en \u00e9pocas de lluvia se producen en la zona de les Basses, como consecuencia de la insuficiente capacidad de evacuaci\u00f3n de la red de pluviales existente.<\/p>\n<p style=\"text-align: justify;\">Por su parte, el alcalde ha explicado que dada la magnitud de las obras necesarias, estas actuaciones se pueden considerar como una primera fase de un proyecto global, que deber\u00eda completarse en la futura legislatura.<\/p>\n<p style=\"text-align: justify;\">El concejal de Urbanismo, Fernando Pascual, ha trasladado a los vecinos disculpas por el retraso de las obras anunciadas para finales de 2017, y que se aplazaron por dificultades t\u00e9cnicas y ha manifestado que \u00abcon este proyecto queremos culminar la promesa que se hizo a los alzire\u00f1os y alzire\u00f1as cuando entramos en el gobierno\u00bb.<\/p>\n<p style=\"text-align: justify;\">En esta fase se trata de captar las escorrent\u00edas superficiales que circulan por el camino de los Pescadores mediante un canal de una longitud aproximada de 920 metros, llevarla hasta el barranco de la Casella. La dimensi\u00f3n del canal se ha hecho teniendo en cuenta las futuras aportaciones de los barrancos del Respirall, Fosch, Garc\u00eda Mar\u00eda y de La Arena, cuando el proyecto se desarrolle completamente.<\/p>\n<p style=\"text-align: justify;\">Al acabar la fase informativa ha tenido lugar la firma del acta de comprobaci\u00f3n del replanteo por parte de la empresa adjudicataria y los t\u00e9cnicos de la conselleria. Con esta firma se inician unas obras que cuentan con un presupuesto de 1.324.495,26 euros y un plazo de ejecuci\u00f3n de 9 meses.<\/p>\n<p style=\"text-align: justify;\">Las obras<\/p>\n<p style=\"text-align: justify;\">De acuerdo con las condiciones de vertido en el barranco, determinadas por la l\u00ednea de energ\u00eda a respetar, el desbordamiento del canal se produce mediante unas compuertas basculares las cuales, en caso de que el nivel de agua en la Casella alcance las mencionadas condiciones, cerrar\u00edan para impedir que el agua circulara en sentido contrario por el canal.<\/p>\n<p style=\"text-align: justify;\">El canal se ha dimensionado geogr\u00e1ficamente para un per\u00edodo de retorno de 15 a\u00f1os (aproximadamente 19m3 \/ s), pero las condiciones de vertido mencionadas hacen que el caudal real que se podr\u00e1 desaguar cuando la obra est\u00e9 completada ser\u00e1 el correspondiente a 10 a\u00f1os de per\u00edodo de retorno (14,04 m3 \/s). Ahora bien, en esta primera fase, aunque el canal tiene la capacidad mencionada, la obra de captaci\u00f3n limita el caudal que se puede recoger a un per\u00edodo de retorno de 7,5 a\u00f1os (11,43 m3 \/s).<\/p>\n<p style=\"text-align: center;\"><a title=\"OBRES DEL CANAL INTERCEPTOR PER A LA MILLORA DEL DRENATGE URB\u00c0 A LA ZONA DE LES BASSES. ALZIRA (VAL\u00c8NCIA)\" href=\"https:\/\/alzira.es\/wp-content\/uploads\/2018\/02\/28022018_Canal-les-Basses_Diego.pdf\" target=\"_blank\" rel=\"noopener\"><img decoding=\"async\" width=\"18\" height=\"15\" class=\"size-full wp-image-28101 lazyload\" data-src=\"https:\/\/alzira.es\/wp-content\/uploads\/2018\/02\/pdf_rojo.gif\" alt=\"pdf rojo\" src=\"data:image\/svg+xml;base64,PHN2ZyB3aWR0aD0iMSIgaGVpZ2h0PSIxIiB4bWxucz0iaHR0cDovL3d3dy53My5vcmcvMjAwMC9zdmciPjwvc3ZnPg==\" style=\"--smush-placeholder-width: 18px; --smush-placeholder-aspect-ratio: 18\/15;\" \/>&nbsp;OBRAS DEL CANAL INTERCEPTOR PARA LA MEJORA DEL DRENAJE URBANO EN LA ZONA DE LES BASSES. ALZIRA (VALENCIA)<\/a><\/p>\n<p style=\"text-align: center;\"><a class=\"jcepopup\" title=\"Dilluns comencen les obres del canal de les Basses\" href=\"https:\/\/alzira.es\/wp-content\/uploads\/2018\/02\/28022018_Canal_les_Basses_Diego.jpg\" target=\"_blank\" rel=\"noopener\"><img fetchpriority=\"high\" decoding=\"async\" class=\" size-full wp-image-28107\" title=\"Dilluns comencen les obres del canal de les Basses\" src=\"https:\/\/alzira.es\/wp-content\/uploads\/2018\/02\/28022018_Canal_les_Basses_Diego.jpg\" alt=\"28022018 Canal les Basses Diego\" width=\"600\" height=\"400\" \/><\/a><\/p>\n","protected":false},"excerpt":{"rendered":"<p>Alzira 28 de febrero de 2018.- Este ma\u00f1ana el director general del Agua, Manuel Aldeguer, el alcalde de Alzira, Diego G\u00f3mez, y el concejal de Gesti\u00f3n Urban\u00edstica Fernando Pascual, han anunciado el comienzo de las obras de drenaje del Canal de les Basses, que tendr\u00e1 lugar el pr\u00f3ximo lunes 5 de marzo. A la reuni\u00f3n, &hellip; <\/p>\n<p class=\"link-more\"><a href=\"https:\/\/alzira.es\/es\/dilluns-comencen-les-obres-del-canal-de-les-basses\/\" class=\"more-link\">Continuar leyendo<span class=\"screen-reader-text\"> \u00abEl lunes empiezan las obras del canal de les Basses\u00bb<\/span><\/a><\/p>\n","protected":false},"author":29,"featured_media":28101,"comment_status":"","ping_status":"","sticky":false,"template":"","format":"standard","meta":{"_acf_changed":false,"footnotes":""},"categories":[1893],"tags":[],"class_list":["post-28109","post","type-post","status-publish","format-standard","has-post-thumbnail","hentry","category-hemeroteca"],"acf":[],"_links":{"self":[{"href":"https:\/\/alzira.es\/es\/wp-json\/wp\/v2\/posts\/28109","targetHints":{"allow":["GET"]}}],"collection":[{"href":"https:\/\/alzira.es\/es\/wp-json\/wp\/v2\/posts"}],"about":[{"href":"https:\/\/alzira.es\/es\/wp-json\/wp\/v2\/types\/post"}],"author":[{"embeddable":true,"href":"https:\/\/alzira.es\/es\/wp-json\/wp\/v2\/users\/29"}],"replies":[{"embeddable":true,"href":"https:\/\/alzira.es\/es\/wp-json\/wp\/v2\/comments?post=28109"}],"version-history":[{"count":0,"href":"https:\/\/alzira.es\/es\/wp-json\/wp\/v2\/posts\/28109\/revisions"}],"wp:featuredmedia":[{"embeddable":true,"href":"https:\/\/alzira.es\/es\/wp-json\/wp\/v2\/media\/28101"}],"wp:attachment":[{"href":"https:\/\/alzira.es\/es\/wp-json\/wp\/v2\/media?parent=28109"}],"wp:term":[{"taxonomy":"category","embeddable":true,"href":"https:\/\/alzira.es\/es\/wp-json\/wp\/v2\/categories?post=28109"},{"taxonomy":"post_tag","embeddable":true,"href":"https:\/\/alzira.es\/es\/wp-json\/wp\/v2\/tags?post=28109"}],"curies":[{"name":"wp","href":"https:\/\/api.w.org\/{rel}","templated":true}]}}