{"id":28092,"date":"2018-02-28T13:55:43","date_gmt":"2018-02-28T12:55:43","guid":{"rendered":"https:\/\/alzira.es\/la-crida-obri-este-dissabte-les-portes-a-la-festa-de-les-falles-2018\/"},"modified":"2018-02-28T13:55:43","modified_gmt":"2018-02-28T12:55:43","slug":"la-crida-obri-este-dissabte-les-portes-a-la-festa-de-les-falles-2018","status":"publish","type":"post","link":"https:\/\/alzira.es\/es\/la-crida-obri-este-dissabte-les-portes-a-la-festa-de-les-falles-2018\/","title":{"rendered":"La Crida abre este s\u00e1bado las puertas a la fiesta de las Fallas 2018"},"content":{"rendered":"<p style=\"text-align: justify;\">Alzira, 28 de febrero de 2018.- Las Fallas del 2018 encaran su recta final. Este s\u00e1bado 3 de marzo, a las 20 horas, se celebrar\u00e1 el acto de la Crida en el lugar habitual, la pla\u00e7a del Carb\u00f3, a los pies del edificio del Ayuntamiento de Alzira.<\/p>\n<p style=\"text-align: justify;\">\u00abDesde hace unos a\u00f1os nos hemos comprometido a convertir la Crida en un espect\u00e1culo visual, y este a\u00f1o no va a ser menos, hay preparadas muchas sorpresas para uno de los actos m\u00e1s emotivos de las Fallas\u00bb, ha manifestado Isabel Aguilar, vicealcaldesa y concejala de Fiestas.<\/p>\n<p style=\"text-align: justify;\">Lourdes Burgos y Aitana Carb\u00f3, falleras mayores del 2018, ser\u00e1n las encargadas de transmitir el mensaje de optimismo e ilusi\u00f3n a todo el colectivo fallero de nuestra ciudad.<\/p>\n<p style=\"text-align: justify;\">M\u00e1s de 7.000 personas forman parte de las treinta-cinco comisiones falleras de Alzira, lo que por n\u00famero de habitantes la convierte en la ciudad con m\u00e1s monumentos falleros de todas donde se celebra la fiesta fallera.<\/p>\n<p style=\"text-align: justify;\">Diego G\u00f3mez, como alcalde, e Isabel Aguilar, como vicealcaldesa y concejala de Fiestas, ser\u00e1n las autoridades encargadas de brindar la llave de la ciudad a todos los falleros.<\/p>\n<p style=\"text-align: justify;\">Un a\u00f1o m\u00e1s, despu\u00e9s de las presentaciones, arrancan las Fallas con un espect\u00e1culo visual lleno de luz, m\u00fasica y color. La Crida 2018 inicia la fiesta m\u00e1s participativa del mundo.<\/p>\n<p style=\"text-align: center;\"><a class=\"jcepopup\" title=\"La Crida obri este dissabte les portes a la festa de les Falles 2018\" href=\"https:\/\/alzira.es\/wp-content\/uploads\/2018\/02\/crida-fallas-alzira.jpg\" target=\"_blank\" rel=\"noopener\"><img fetchpriority=\"high\" decoding=\"async\" class=\" size-full wp-image-28085\" title=\"La Crida obri este dissabte les portes a la festa de les Falles 2018\" src=\"https:\/\/alzira.es\/wp-content\/uploads\/2018\/02\/crida-fallas-alzira.jpg\" alt=\"crida-fallas-alzira\" width=\"600\" height=\"338\" srcset=\"https:\/\/alzira.es\/wp-content\/uploads\/2018\/02\/crida-fallas-alzira.jpg 1200w, https:\/\/alzira.es\/wp-content\/uploads\/2018\/02\/crida-fallas-alzira-680x383.jpg 680w, https:\/\/alzira.es\/wp-content\/uploads\/2018\/02\/crida-fallas-alzira-768x432.jpg 768w\" sizes=\"(max-width: 600px) 100vw, 600px\" \/><\/a><span style=\"font-size: 14.4px;\">&nbsp;<\/span><a title=\"Crida Falles 2018\" href=\"https:\/\/alzira.es\/wp-content\/uploads\/2018\/02\/3M_CRIDA_FALLES_2018.mp4\" target=\"_blank\" rel=\"noopener\"><img decoding=\"async\" width=\"256\" height=\"240\" class=\"size-full wp-image-25904 lazyload\" style=\"--smush-placeholder-width: 256px; --smush-placeholder-aspect-ratio: 256\/240;font-size: 14.4px;\" data-src=\"https:\/\/alzira.es\/wp-content\/uploads\/2017\/11\/mp4.png\" alt=\"mp4\" src=\"data:image\/svg+xml;base64,PHN2ZyB3aWR0aD0iMSIgaGVpZ2h0PSIxIiB4bWxucz0iaHR0cDovL3d3dy53My5vcmcvMjAwMC9zdmciPjwvc3ZnPg==\" \/><\/a><\/p>\n<p style=\"text-align: center;\">&nbsp;<\/p>\n<p style=\"text-align: center;\">&nbsp;<\/p>\n","protected":false},"excerpt":{"rendered":"<p>Alzira, 28 de febrero de 2018.- Las Fallas del 2018 encaran su recta final. Este s\u00e1bado 3 de marzo, a las 20 horas, se celebrar\u00e1 el acto de la Crida en el lugar habitual, la pla\u00e7a del Carb\u00f3, a los pies del edificio del Ayuntamiento de Alzira. \u00abDesde hace unos a\u00f1os nos hemos comprometido a &hellip; <\/p>\n<p class=\"link-more\"><a href=\"https:\/\/alzira.es\/es\/la-crida-obri-este-dissabte-les-portes-a-la-festa-de-les-falles-2018\/\" class=\"more-link\">Continuar leyendo<span class=\"screen-reader-text\"> \u00abLa Crida abre este s\u00e1bado las puertas a la fiesta de las Fallas 2018\u00bb<\/span><\/a><\/p>\n","protected":false},"author":29,"featured_media":28086,"comment_status":"","ping_status":"","sticky":false,"template":"","format":"standard","meta":{"_acf_changed":false,"footnotes":""},"categories":[1893],"tags":[],"class_list":["post-28092","post","type-post","status-publish","format-standard","has-post-thumbnail","hentry","category-hemeroteca"],"acf":[],"_links":{"self":[{"href":"https:\/\/alzira.es\/es\/wp-json\/wp\/v2\/posts\/28092","targetHints":{"allow":["GET"]}}],"collection":[{"href":"https:\/\/alzira.es\/es\/wp-json\/wp\/v2\/posts"}],"about":[{"href":"https:\/\/alzira.es\/es\/wp-json\/wp\/v2\/types\/post"}],"author":[{"embeddable":true,"href":"https:\/\/alzira.es\/es\/wp-json\/wp\/v2\/users\/29"}],"replies":[{"embeddable":true,"href":"https:\/\/alzira.es\/es\/wp-json\/wp\/v2\/comments?post=28092"}],"version-history":[{"count":0,"href":"https:\/\/alzira.es\/es\/wp-json\/wp\/v2\/posts\/28092\/revisions"}],"wp:featuredmedia":[{"embeddable":true,"href":"https:\/\/alzira.es\/es\/wp-json\/wp\/v2\/media\/28086"}],"wp:attachment":[{"href":"https:\/\/alzira.es\/es\/wp-json\/wp\/v2\/media?parent=28092"}],"wp:term":[{"taxonomy":"category","embeddable":true,"href":"https:\/\/alzira.es\/es\/wp-json\/wp\/v2\/categories?post=28092"},{"taxonomy":"post_tag","embeddable":true,"href":"https:\/\/alzira.es\/es\/wp-json\/wp\/v2\/tags?post=28092"}],"curies":[{"name":"wp","href":"https:\/\/api.w.org\/{rel}","templated":true}]}}