{"id":28081,"date":"2018-02-28T12:25:07","date_gmt":"2018-02-28T11:25:07","guid":{"rendered":"https:\/\/alzira.es\/l-ajuntament-d-alzira-recupera-els-camps-de-cultiu-del-raco-de-les-vinyes\/"},"modified":"2018-02-28T12:25:07","modified_gmt":"2018-02-28T11:25:07","slug":"l-ajuntament-d-alzira-recupera-els-camps-de-cultiu-del-raco-de-les-vinyes","status":"publish","type":"post","link":"https:\/\/alzira.es\/es\/l-ajuntament-d-alzira-recupera-els-camps-de-cultiu-del-raco-de-les-vinyes\/","title":{"rendered":"El Ayuntamiento de Alzira recupera los campos de cultivo del Rac\u00f3 de les Vinyes"},"content":{"rendered":"<p style=\"text-align: justify;\">Alzira, 28 de febrero de 2018.- Los trabajadores medioambientales de la concejal\u00eda de Agricultura y Medio ambiente, junto a los alumnos del Taller de empleo t&#8217;Estime 2017, dependientes de la concejal\u00eda de Promoci\u00f3n Econ\u00f3mica, Ocupaci\u00f3n y Proyectos Europeos, est\u00e1n colaborando en la recuperaci\u00f3n de los campos de cultivo del Rac\u00f3 de les Vinyes, dentro del Paraje Natural Municipal de La Murta y La Casella.<\/p>\n<p style=\"text-align: justify;\">Las tareas consisten en desbroce y tala de \u00e1rboles muertos en la parcela, con el fin de recuperar los cultivos existentes, para que act\u00faen como infraestructura de prevenci\u00f3n de incendios, entre el Paraje Natural Municipal y las viviendas existentes en el Rac\u00f3 de les Vinyes.<\/p>\n<p style=\"text-align: justify;\">El alcalde, Diego G\u00f3mez, y el concejal de Agricultura y Medio Ambiente, Pep Carreres, han visitado la finca para observar los trabajos realizados. Seg\u00fan han manifestado, la primera intenci\u00f3n es darle m\u00e1s seguridad contra los incendios al Paraje. De cara al futuro, se valoran varias opciones para poner en valor este enclave agrario dentro del espacio natural.<\/p>\n<p style=\"text-align: center;\"><a class=\"jcepopup\" title=\"L\u2019Ajuntament d\u2019Alzira recupera els camps de cultiu del Rac\u00f3 de les Vinyes\" href=\"https:\/\/alzira.es\/wp-content\/uploads\/2018\/02\/raco_vinyes.jpg\" target=\"_blank\" rel=\"noopener\"><img fetchpriority=\"high\" decoding=\"async\" class=\" size-full wp-image-28077\" title=\"L\u2019Ajuntament d\u2019Alzira recupera els camps de cultiu del Rac\u00f3 de les Vinyes\" src=\"https:\/\/alzira.es\/wp-content\/uploads\/2018\/02\/raco_vinyes.jpg\" alt=\"raco vinyes\" width=\"400\" height=\"267\" \/><\/a>&nbsp;<a class=\"jcepopup\" style=\"font-size: 14.4px; text-align: center;\" title=\"L\u2019Ajuntament d\u2019Alzira recupera els camps de cultiu del Rac\u00f3 de les Vinyes\" type=\"image\" href=\"https:\/\/alzira.es\/wp-content\/uploads\/2018\/02\/raco_vinyes_1.jpg\" target=\"_blank\" rel=\"noopener\"><img decoding=\"async\" class=\"size-full wp-image-28079 lazyload\" title=\"L\u2019Ajuntament d\u2019Alzira recupera els camps de cultiu del Rac\u00f3 de les Vinyes\" data-src=\"https:\/\/alzira.es\/wp-content\/uploads\/2018\/02\/raco_vinyes_1.jpg\" alt=\"raco vinyes 1\" width=\"400\" height=\"267\" src=\"data:image\/svg+xml;base64,PHN2ZyB3aWR0aD0iMSIgaGVpZ2h0PSIxIiB4bWxucz0iaHR0cDovL3d3dy53My5vcmcvMjAwMC9zdmciPjwvc3ZnPg==\" style=\"--smush-placeholder-width: 400px; --smush-placeholder-aspect-ratio: 400\/267;\" \/><\/a><\/p>\n","protected":false},"excerpt":{"rendered":"<p>Alzira, 28 de febrero de 2018.- Los trabajadores medioambientales de la concejal\u00eda de Agricultura y Medio ambiente, junto a los alumnos del Taller de empleo t&#8217;Estime 2017, dependientes de la concejal\u00eda de Promoci\u00f3n Econ\u00f3mica, Ocupaci\u00f3n y Proyectos Europeos, est\u00e1n colaborando en la recuperaci\u00f3n de los campos de cultivo del Rac\u00f3 de les Vinyes, dentro del &hellip; <\/p>\n<p class=\"link-more\"><a href=\"https:\/\/alzira.es\/es\/l-ajuntament-d-alzira-recupera-els-camps-de-cultiu-del-raco-de-les-vinyes\/\" class=\"more-link\">Continuar leyendo<span class=\"screen-reader-text\"> \u00abEl Ayuntamiento de Alzira recupera los campos de cultivo del Rac\u00f3 de les Vinyes\u00bb<\/span><\/a><\/p>\n","protected":false},"author":29,"featured_media":28077,"comment_status":"","ping_status":"","sticky":false,"template":"","format":"standard","meta":{"_acf_changed":false,"footnotes":""},"categories":[1893],"tags":[],"class_list":["post-28081","post","type-post","status-publish","format-standard","has-post-thumbnail","hentry","category-hemeroteca"],"acf":[],"_links":{"self":[{"href":"https:\/\/alzira.es\/es\/wp-json\/wp\/v2\/posts\/28081","targetHints":{"allow":["GET"]}}],"collection":[{"href":"https:\/\/alzira.es\/es\/wp-json\/wp\/v2\/posts"}],"about":[{"href":"https:\/\/alzira.es\/es\/wp-json\/wp\/v2\/types\/post"}],"author":[{"embeddable":true,"href":"https:\/\/alzira.es\/es\/wp-json\/wp\/v2\/users\/29"}],"replies":[{"embeddable":true,"href":"https:\/\/alzira.es\/es\/wp-json\/wp\/v2\/comments?post=28081"}],"version-history":[{"count":0,"href":"https:\/\/alzira.es\/es\/wp-json\/wp\/v2\/posts\/28081\/revisions"}],"wp:featuredmedia":[{"embeddable":true,"href":"https:\/\/alzira.es\/es\/wp-json\/wp\/v2\/media\/28077"}],"wp:attachment":[{"href":"https:\/\/alzira.es\/es\/wp-json\/wp\/v2\/media?parent=28081"}],"wp:term":[{"taxonomy":"category","embeddable":true,"href":"https:\/\/alzira.es\/es\/wp-json\/wp\/v2\/categories?post=28081"},{"taxonomy":"post_tag","embeddable":true,"href":"https:\/\/alzira.es\/es\/wp-json\/wp\/v2\/tags?post=28081"}],"curies":[{"name":"wp","href":"https:\/\/api.w.org\/{rel}","templated":true}]}}