{"id":28072,"date":"2018-02-28T10:39:22","date_gmt":"2018-02-28T09:39:22","guid":{"rendered":"https:\/\/alzira.es\/les-associacions-de-veins-i-l-ajuntament-d-alzira-planten-85-arbres-i-60-murtes-amb-les-activitats-dedicades-al-mes-de-l-arbre\/"},"modified":"2018-02-28T10:39:22","modified_gmt":"2018-02-28T09:39:22","slug":"les-associacions-de-veins-i-l-ajuntament-d-alzira-planten-85-arbres-i-60-murtes-amb-les-activitats-dedicades-al-mes-de-l-arbre","status":"publish","type":"post","link":"https:\/\/alzira.es\/es\/les-associacions-de-veins-i-l-ajuntament-d-alzira-planten-85-arbres-i-60-murtes-amb-les-activitats-dedicades-al-mes-de-l-arbre\/","title":{"rendered":"Las asociaciones de vecinos y el Ayuntamiento de Alzira plantan 85 \u00e1rboles y 60 murtas en las actividades dedicadas al mes del \u00e1rbol"},"content":{"rendered":"<p style=\"text-align: justify;\">Alzira, 28 de febrero de 2018 \u2013 Febrero ha sido el mes del \u00e1rbol para las asociaciones de vecinos de la ciudad que, junto con las concejal\u00edas de Gesti\u00f3n Urban\u00edstica y de Participaci\u00f3n Ciudadana del Ayuntamiento de Alzira, han realizado varias actividades para plantar moreras y murtas por diferentes barrios de la ciudad. Una celebraci\u00f3n que se realiza desde hace algunos a\u00f1os y que da la oportunidad de ampliar el arbolado en el casco urbano.<\/p>\n<p style=\"text-align: justify;\">Cada s\u00e1bado durante el mes de febrero las asociaciones de vecinos de El Rac\u00f2, les Basses, Balc\u00f3n de la Ribera y Nueva Alzira con la colaboraci\u00f3n de la asociaci\u00f3n Amigos del Murta, la directora del CPC, Ana Iborra, voluntarios de Protecci\u00f3n Civil, trabajadores de la empresa Talher, cooperativa ALZICOOP y la t\u00e9cnica de zonas Verdes del Ayuntamiento de Alzira han conseguido plantar un total de 85 \u00e1rboles y 60 murtas, en diferentes ubicaciones de la ciudad.<\/p>\n<p style=\"text-align: justify;\">Uno de los actos m\u00e1s emotivos vividos durante la celebraci\u00f3n del mes del \u00e1rbol ocurri\u00f3 el d\u00eda 17, ya que a petici\u00f3n de la AAVV de El Rac\u00f3, se plant\u00f3 un \u00e1rbol en recuerdo de Nacho Barber\u00e1, jugador del cadete de la UD Alzira que nos dej\u00f3 hace tan solos unas semanas. Nacho era vecino de la urbanizaci\u00f3n de El Rac\u00f3 y en su memoria se ha plantado una jacarand\u00e1.<\/p>\n<p style=\"text-align: justify;\">Fernando Pascual, concejal de Gesti\u00f3n Urban\u00edstica, e Inma Onrubia, concejala de Participaci\u00f3n Ciudadana, han transmitido su agradecimiento a todos los que, de una manera u otra, han participado cada s\u00e1bado en las actividades dedicadas en el mes del \u00e1rbol.<\/p>\n<p style=\"text-align: justify;\">Fernando Pascual destaca que \u00abcon las actividades realizadas durante el mes del \u00e1rbol hemos comprobado que la ciudadan\u00eda es consciente de la importancia de la conservaci\u00f3n de \u00e1rboles de especies aut\u00f3ctonas, y los vecinos y vecinas se han implicado a fondo cada semana. Ampliar la vegetaci\u00f3n dentro del casco urbano suma en pro de la calidad de vida de los humanos en las ciudades. La participaci\u00f3n ciudadana es primordial para fomentar la implicaci\u00f3n y concienciaci\u00f3n por el bien de nuestro entorno, y por tal raz\u00f3n continuaremos trabajando en esta direcci\u00f3n\u00bb.<\/p>\n<p style=\"text-align: center;\"><a class=\"jcepopup\" title=\"activitats dedicades al mes de l\u2019arbre\" href=\"https:\/\/alzira.es\/wp-content\/uploads\/2018\/02\/20180217_110052.jpg\" target=\"_blank\" rel=\"noopener\"><img fetchpriority=\"high\" decoding=\"async\" class=\" size-full wp-image-28067\" title=\"activitats dedicades al mes de l\u2019arbre\" src=\"https:\/\/alzira.es\/wp-content\/uploads\/2018\/02\/20180217_110052.jpg\" alt=\"20180217 110052\" width=\"400\" height=\"300\" srcset=\"https:\/\/alzira.es\/wp-content\/uploads\/2018\/02\/20180217_110052.jpg 1200w, https:\/\/alzira.es\/wp-content\/uploads\/2018\/02\/20180217_110052-680x510.jpg 680w, https:\/\/alzira.es\/wp-content\/uploads\/2018\/02\/20180217_110052-768x576.jpg 768w\" sizes=\"(max-width: 400px) 100vw, 400px\" \/><\/a>&nbsp;<a class=\"jcepopup\" style=\"color: #e25b32; font-size: 14.4px; text-align: center;\" title=\"activitats dedicades al mes de l\u2019arbre\" type=\"image\" href=\"https:\/\/alzira.es\/wp-content\/uploads\/2018\/02\/20180224_124119.jpg\" target=\"_blank\" rel=\"noopener\"><img decoding=\"async\" class=\"size-full wp-image-28070 lazyload\" title=\"activitats dedicades al mes de l\u2019arbre\" data-src=\"https:\/\/alzira.es\/wp-content\/uploads\/2018\/02\/20180224_124119.jpg\" alt=\"20180224 124119\" width=\"400\" height=\"300\" data-srcset=\"https:\/\/alzira.es\/wp-content\/uploads\/2018\/02\/20180224_124119.jpg 1200w, https:\/\/alzira.es\/wp-content\/uploads\/2018\/02\/20180224_124119-680x510.jpg 680w, https:\/\/alzira.es\/wp-content\/uploads\/2018\/02\/20180224_124119-768x576.jpg 768w\" data-sizes=\"(max-width: 400px) 100vw, 400px\" src=\"data:image\/svg+xml;base64,PHN2ZyB3aWR0aD0iMSIgaGVpZ2h0PSIxIiB4bWxucz0iaHR0cDovL3d3dy53My5vcmcvMjAwMC9zdmciPjwvc3ZnPg==\" style=\"--smush-placeholder-width: 400px; --smush-placeholder-aspect-ratio: 400\/300;\" \/><\/a><\/p>\n","protected":false},"excerpt":{"rendered":"<p>Alzira, 28 de febrero de 2018 \u2013 Febrero ha sido el mes del \u00e1rbol para las asociaciones de vecinos de la ciudad que, junto con las concejal\u00edas de Gesti\u00f3n Urban\u00edstica y de Participaci\u00f3n Ciudadana del Ayuntamiento de Alzira, han realizado varias actividades para plantar moreras y murtas por diferentes barrios de la ciudad. Una celebraci\u00f3n &hellip; <\/p>\n<p class=\"link-more\"><a href=\"https:\/\/alzira.es\/es\/les-associacions-de-veins-i-l-ajuntament-d-alzira-planten-85-arbres-i-60-murtes-amb-les-activitats-dedicades-al-mes-de-l-arbre\/\" class=\"more-link\">Continuar leyendo<span class=\"screen-reader-text\"> \u00abLas asociaciones de vecinos y el Ayuntamiento de Alzira plantan 85 \u00e1rboles y 60 murtas en las actividades dedicadas al mes del \u00e1rbol\u00bb<\/span><\/a><\/p>\n","protected":false},"author":29,"featured_media":28067,"comment_status":"","ping_status":"","sticky":false,"template":"","format":"standard","meta":{"_acf_changed":false,"footnotes":""},"categories":[1893],"tags":[],"class_list":["post-28072","post","type-post","status-publish","format-standard","has-post-thumbnail","hentry","category-hemeroteca"],"acf":[],"_links":{"self":[{"href":"https:\/\/alzira.es\/es\/wp-json\/wp\/v2\/posts\/28072","targetHints":{"allow":["GET"]}}],"collection":[{"href":"https:\/\/alzira.es\/es\/wp-json\/wp\/v2\/posts"}],"about":[{"href":"https:\/\/alzira.es\/es\/wp-json\/wp\/v2\/types\/post"}],"author":[{"embeddable":true,"href":"https:\/\/alzira.es\/es\/wp-json\/wp\/v2\/users\/29"}],"replies":[{"embeddable":true,"href":"https:\/\/alzira.es\/es\/wp-json\/wp\/v2\/comments?post=28072"}],"version-history":[{"count":0,"href":"https:\/\/alzira.es\/es\/wp-json\/wp\/v2\/posts\/28072\/revisions"}],"wp:featuredmedia":[{"embeddable":true,"href":"https:\/\/alzira.es\/es\/wp-json\/wp\/v2\/media\/28067"}],"wp:attachment":[{"href":"https:\/\/alzira.es\/es\/wp-json\/wp\/v2\/media?parent=28072"}],"wp:term":[{"taxonomy":"category","embeddable":true,"href":"https:\/\/alzira.es\/es\/wp-json\/wp\/v2\/categories?post=28072"},{"taxonomy":"post_tag","embeddable":true,"href":"https:\/\/alzira.es\/es\/wp-json\/wp\/v2\/tags?post=28072"}],"curies":[{"name":"wp","href":"https:\/\/api.w.org\/{rel}","templated":true}]}}