{"id":28062,"date":"2018-02-27T15:37:26","date_gmt":"2018-02-27T14:37:26","guid":{"rendered":"https:\/\/alzira.es\/l-ajuntament-d-alzira-aposta-per-un-disseny-que-recolze-la-sostenibilitat-en-les-rotondes-de-la-ciutat\/"},"modified":"2018-02-27T15:37:26","modified_gmt":"2018-02-27T14:37:26","slug":"l-ajuntament-d-alzira-aposta-per-un-disseny-que-recolze-la-sostenibilitat-en-les-rotondes-de-la-ciutat","status":"publish","type":"post","link":"https:\/\/alzira.es\/es\/l-ajuntament-d-alzira-aposta-per-un-disseny-que-recolze-la-sostenibilitat-en-les-rotondes-de-la-ciutat\/","title":{"rendered":"El Ayuntamiento de Alzira apuesta por un dise\u00f1o que redunde en la sostenibilidad en las rotondas de la ciudad"},"content":{"rendered":"<p style=\"text-align: justify;\">Alzira 27 de febrero de 2018 &#8211; El Ayuntamiento de Alzira, a trav\u00e9s de la concejal\u00eda de Gesti\u00f3n Urban\u00edstica, est\u00e1 poniendo las medidas oportunas por adaptar el dise\u00f1o de algunas rotondas y medianas del municipio para mejorar, no solo su imagen sino tambi\u00e9n su mantenimiento.<\/p>\n<p style=\"text-align: justify;\">Fernando Pascual, responsable del \u00c1rea de Gesti\u00f3n Urban\u00edstica, quiere que nuestra ciudad camine hacia una jardiner\u00eda sostenible, compatible con el clima de la zona y optimizada al m\u00e1ximo, con el objetivo de ahorrar agua, recursos humanos y materiales.<\/p>\n<p style=\"text-align: justify;\">Estas rotondas adaptadas al nuevo modelo tienen un 90 por ciento menos de extensi\u00f3n de riego, lo cual supone un ahorro considerable de agua potable y, en consecuencia, una disminuci\u00f3n en la gasto econ\u00f3mico adscrito a este mantenimiento. Los objetivos de sostenibilidad implican el dise\u00f1o de una jardiner\u00eda de bajo consumo de agua.<\/p>\n<p style=\"text-align: justify;\">Seg\u00fan asegura Pascual, \u00aben el nuevo dise\u00f1o de la jardiner\u00eda de las rotondas y las medianas se ha optado por la creaci\u00f3n de un mosaico formado por almohadillados y terrosos de distintos colores y texturas. Integrados en esta base se han plantado ejemplares arb\u00f3reos y arbustivos, seleccionados tanto por sus valores ornamentales y paisaj\u00edstico como por la escasa exigencia de mantenimiento\u00bb.<\/p>\n<p style=\"text-align: center;\"><a class=\"jcepopup\" title=\"sostenibilitat en les rotondes de la ciutat\" href=\"https:\/\/alzira.es\/wp-content\/uploads\/2018\/02\/20180219_125135.jpg\" target=\"_blank\" rel=\"noopener\"><img fetchpriority=\"high\" decoding=\"async\" class=\" size-full wp-image-27902\" title=\"sostenibilitat en les rotondes de la ciutat\" src=\"https:\/\/alzira.es\/wp-content\/uploads\/2018\/02\/20180219_124623.jpg\" alt=\"20180219 124623\" width=\"457\" height=\"343\" srcset=\"https:\/\/alzira.es\/wp-content\/uploads\/2018\/02\/20180219_124623.jpg 1200w, https:\/\/alzira.es\/wp-content\/uploads\/2018\/02\/20180219_124623-680x510.jpg 680w, https:\/\/alzira.es\/wp-content\/uploads\/2018\/02\/20180219_124623-768x576.jpg 768w\" sizes=\"(max-width: 457px) 100vw, 457px\" \/><\/a>&nbsp;<a class=\"jcepopup\" style=\"font-size: 14.4px; text-align: center;\" title=\"sostenibilitat en les rotondes de la ciutat\" type=\"image\" href=\"https:\/\/alzira.es\/wp-content\/uploads\/2018\/02\/20180219_125135.jpg\" target=\"_blank\" rel=\"noopener\"><img decoding=\"async\" class=\"size-full wp-image-28061 lazyload\" title=\"sostenibilitat en les rotondes de la ciutat\" data-src=\"https:\/\/alzira.es\/wp-content\/uploads\/2018\/02\/20180223_133609.jpg\" alt=\"20180223 133609\" width=\"257\" height=\"343\" data-srcset=\"https:\/\/alzira.es\/wp-content\/uploads\/2018\/02\/20180223_133609.jpg 900w, https:\/\/alzira.es\/wp-content\/uploads\/2018\/02\/20180223_133609-383x510.jpg 383w, https:\/\/alzira.es\/wp-content\/uploads\/2018\/02\/20180223_133609-804x1072.jpg 804w, https:\/\/alzira.es\/wp-content\/uploads\/2018\/02\/20180223_133609-768x1024.jpg 768w\" data-sizes=\"(max-width: 257px) 100vw, 257px\" src=\"data:image\/svg+xml;base64,PHN2ZyB3aWR0aD0iMSIgaGVpZ2h0PSIxIiB4bWxucz0iaHR0cDovL3d3dy53My5vcmcvMjAwMC9zdmciPjwvc3ZnPg==\" style=\"--smush-placeholder-width: 257px; --smush-placeholder-aspect-ratio: 257\/343;\" \/><\/a><\/p>\n","protected":false},"excerpt":{"rendered":"<p>Alzira 27 de febrero de 2018 &#8211; El Ayuntamiento de Alzira, a trav\u00e9s de la concejal\u00eda de Gesti\u00f3n Urban\u00edstica, est\u00e1 poniendo las medidas oportunas por adaptar el dise\u00f1o de algunas rotondas y medianas del municipio para mejorar, no solo su imagen sino tambi\u00e9n su mantenimiento. Fernando Pascual, responsable del \u00c1rea de Gesti\u00f3n Urban\u00edstica, quiere que &hellip; <\/p>\n<p class=\"link-more\"><a href=\"https:\/\/alzira.es\/es\/l-ajuntament-d-alzira-aposta-per-un-disseny-que-recolze-la-sostenibilitat-en-les-rotondes-de-la-ciutat\/\" class=\"more-link\">Continuar leyendo<span class=\"screen-reader-text\"> \u00abEl Ayuntamiento de Alzira apuesta por un dise\u00f1o que redunde en la sostenibilidad en las rotondas de la ciudad\u00bb<\/span><\/a><\/p>\n","protected":false},"author":29,"featured_media":27902,"comment_status":"","ping_status":"","sticky":false,"template":"","format":"standard","meta":{"_acf_changed":false,"footnotes":""},"categories":[1893],"tags":[],"class_list":["post-28062","post","type-post","status-publish","format-standard","has-post-thumbnail","hentry","category-hemeroteca"],"acf":[],"_links":{"self":[{"href":"https:\/\/alzira.es\/es\/wp-json\/wp\/v2\/posts\/28062","targetHints":{"allow":["GET"]}}],"collection":[{"href":"https:\/\/alzira.es\/es\/wp-json\/wp\/v2\/posts"}],"about":[{"href":"https:\/\/alzira.es\/es\/wp-json\/wp\/v2\/types\/post"}],"author":[{"embeddable":true,"href":"https:\/\/alzira.es\/es\/wp-json\/wp\/v2\/users\/29"}],"replies":[{"embeddable":true,"href":"https:\/\/alzira.es\/es\/wp-json\/wp\/v2\/comments?post=28062"}],"version-history":[{"count":0,"href":"https:\/\/alzira.es\/es\/wp-json\/wp\/v2\/posts\/28062\/revisions"}],"wp:featuredmedia":[{"embeddable":true,"href":"https:\/\/alzira.es\/es\/wp-json\/wp\/v2\/media\/27902"}],"wp:attachment":[{"href":"https:\/\/alzira.es\/es\/wp-json\/wp\/v2\/media?parent=28062"}],"wp:term":[{"taxonomy":"category","embeddable":true,"href":"https:\/\/alzira.es\/es\/wp-json\/wp\/v2\/categories?post=28062"},{"taxonomy":"post_tag","embeddable":true,"href":"https:\/\/alzira.es\/es\/wp-json\/wp\/v2\/tags?post=28062"}],"curies":[{"name":"wp","href":"https:\/\/api.w.org\/{rel}","templated":true}]}}