{"id":28039,"date":"2018-02-27T12:55:32","date_gmt":"2018-02-27T11:55:32","guid":{"rendered":"https:\/\/alzira.es\/informacion-huelga-8-de-marzo\/"},"modified":"2018-02-27T12:55:32","modified_gmt":"2018-02-27T11:55:32","slug":"informacion-huelga-8-de-marzo","status":"publish","type":"post","link":"https:\/\/alzira.es\/es\/informacion-huelga-8-de-marzo\/","title":{"rendered":"Informaci\u00f3n huelga 8 de marzo"},"content":{"rendered":"<p style=\"text-align: justify;\">Seguramente ya habr\u00e9is escuchado hablar sobre la Huelga de 24 horas impulsada por el movimiento feminista por todo el mundo y convocada oficialmente y legalmente para el pr\u00f3ximo 8 de marzo. La huelga es laboral, estudiantil, de consumo y de cuidar.<\/p>\n<p style=\"text-align: justify;\">Primero que nada hay que insistir en que la huelga laboral es LEGAL; tanto si se hace a tiempo parcial como si se hace a tiempo completo.<\/p>\n<p style=\"text-align: justify;\">La huelga laboral se puede hacer de 2 horas o de toda la jornada laboral. Se puede elegir. Si se hace de dos horas est\u00e1 acordado a que sea de 11.30 a 13.30 h. En cualquier caso se propone que a las 12 se haga una concentraci\u00f3n del personal y poblaci\u00f3n en general a las puertas de las empresas, centros de estudios, administraciones p\u00fablicas&#8230;<\/p>\n<p style=\"text-align: justify;\">En cuanto a la huelga de consumo, es de 24 horas y se trata que no hacer ning\u00fan consumo durante todo el 8 de marzo. Ninguno.<\/p>\n<p style=\"text-align: justify;\">Ni de alimentos, ni de hosteler\u00eda, ni de otros productos. No es que se tenga nada en contra de los comercios ni de los bares ni de cualquier otra empresa de suministros. La huelga no va contra los comercios. Se pretende hacer notar la huelga por la ausencia de mujeres en los espacios comerciales y poner de relieve que son a\u00fan mayoritariamente las mujeres quienes se encargan de las compras para toda la familia (otra responsabilidad que debe ser compartida) y se debe valorar.<\/p>\n<p style=\"text-align: justify;\">Por lo que respecta a la huelga estudiantil, se realiz\u00f3 una asamblea abierta en la Casa de la Cultura de Alzira, convocada por el alumnado para organizarse en ese sector de cara al 8 de marzo.<\/p>\n<p style=\"text-align: justify;\">Por \u00faltimo, la huelga de cuidar quiere poner de relieve que a\u00fan son las mujeres mayoritariamente y sin reconocimiento social las que se ocupan y se dedican a cuidar (y sin remuneraci\u00f3n, hay que mencionar) y a las tareas dom\u00e9sticas. Se quiere visibilizar esa dedicaci\u00f3n m\u00e1s grande de las mujeres, precisamente no haciendo esa funci\u00f3n durante 24 horas. Se espera que nos percatemos de cuanto trabajo y cuanta dedicaci\u00f3n hacen las mujeres en beneficio de toda la familia y que ese d\u00eda la hagan por completo los hombres de la familia. La huelga pretende que los hombres se implican como corresponde (los que a\u00fan no lo hacen), igualitariamente, no que \u00abayuden\u00bb. Ya sabemos que en todas las familias no ocurre lo mismo y que puede ser que t\u00fa seas un hombre corresponsable. Los que ya lo sois, ser\u00eda genial que animar\u00e9is a vuestros amigos, familiares o compa\u00f1eros a hacer como vosotros y compartir equitativamente las responsabilidades familiares: corresponsabilidad.<\/p>\n<p style=\"text-align: justify;\">En el enlace ten\u00e9is m\u00e1s informaci\u00f3n y los motivos de la huelga.<br \/><a href=\"http:\/\/hacialahuelgafeminista.org\/\">http:\/\/hacialahuelgafeminista.org\/<\/a><\/p>\n<p style=\"text-align: center;\"><img fetchpriority=\"high\" decoding=\"async\" class=\" size-full wp-image-28037\" title=\"Informaci\u00f3n huelga 8 de marzo\" src=\"https:\/\/alzira.es\/wp-content\/uploads\/2018\/02\/Jo_faig_vaga.jpg\" alt=\"Jo faig vaga\" width=\"800\" height=\"795\" srcset=\"https:\/\/alzira.es\/wp-content\/uploads\/2018\/02\/Jo_faig_vaga.jpg 1280w, https:\/\/alzira.es\/wp-content\/uploads\/2018\/02\/Jo_faig_vaga-513x510.jpg 513w, https:\/\/alzira.es\/wp-content\/uploads\/2018\/02\/Jo_faig_vaga-1079x1072.jpg 1079w, https:\/\/alzira.es\/wp-content\/uploads\/2018\/02\/Jo_faig_vaga-768x763.jpg 768w, https:\/\/alzira.es\/wp-content\/uploads\/2018\/02\/Jo_faig_vaga-100x100.jpg 100w\" sizes=\"(max-width: 706px) 89vw, (max-width: 767px) 82vw, 740px\" \/><\/p>\n","protected":false},"excerpt":{"rendered":"<p>Seguramente ya habr\u00e9is escuchado hablar sobre la Huelga de 24 horas impulsada por el movimiento feminista por todo el mundo y convocada oficialmente y legalmente para el pr\u00f3ximo 8 de marzo. La huelga es laboral, estudiantil, de consumo y de cuidar. Primero que nada hay que insistir en que la huelga laboral es LEGAL; tanto &hellip; <\/p>\n<p class=\"link-more\"><a href=\"https:\/\/alzira.es\/es\/informacion-huelga-8-de-marzo\/\" class=\"more-link\">Continuar leyendo<span class=\"screen-reader-text\"> \u00abInformaci\u00f3n huelga 8 de marzo\u00bb<\/span><\/a><\/p>\n","protected":false},"author":29,"featured_media":28037,"comment_status":"","ping_status":"","sticky":false,"template":"","format":"standard","meta":{"_acf_changed":false,"footnotes":""},"categories":[1893],"tags":[],"class_list":["post-28039","post","type-post","status-publish","format-standard","has-post-thumbnail","hentry","category-hemeroteca"],"acf":[],"_links":{"self":[{"href":"https:\/\/alzira.es\/es\/wp-json\/wp\/v2\/posts\/28039","targetHints":{"allow":["GET"]}}],"collection":[{"href":"https:\/\/alzira.es\/es\/wp-json\/wp\/v2\/posts"}],"about":[{"href":"https:\/\/alzira.es\/es\/wp-json\/wp\/v2\/types\/post"}],"author":[{"embeddable":true,"href":"https:\/\/alzira.es\/es\/wp-json\/wp\/v2\/users\/29"}],"replies":[{"embeddable":true,"href":"https:\/\/alzira.es\/es\/wp-json\/wp\/v2\/comments?post=28039"}],"version-history":[{"count":0,"href":"https:\/\/alzira.es\/es\/wp-json\/wp\/v2\/posts\/28039\/revisions"}],"wp:featuredmedia":[{"embeddable":true,"href":"https:\/\/alzira.es\/es\/wp-json\/wp\/v2\/media\/28037"}],"wp:attachment":[{"href":"https:\/\/alzira.es\/es\/wp-json\/wp\/v2\/media?parent=28039"}],"wp:term":[{"taxonomy":"category","embeddable":true,"href":"https:\/\/alzira.es\/es\/wp-json\/wp\/v2\/categories?post=28039"},{"taxonomy":"post_tag","embeddable":true,"href":"https:\/\/alzira.es\/es\/wp-json\/wp\/v2\/tags?post=28039"}],"curies":[{"name":"wp","href":"https:\/\/api.w.org\/{rel}","templated":true}]}}