{"id":28015,"date":"2018-02-23T12:34:12","date_gmt":"2018-02-23T11:34:12","guid":{"rendered":"https:\/\/alzira.es\/l-ajuntament-sol-licita-mes-de-400-000-euros-per-a-ficar-en-marxa-nous-cursos-de-formacio-professional-per-a-l-ocupacio\/"},"modified":"2018-02-23T12:34:12","modified_gmt":"2018-02-23T11:34:12","slug":"l-ajuntament-sol-licita-mes-de-400-000-euros-per-a-ficar-en-marxa-nous-cursos-de-formacio-professional-per-a-l-ocupacio","status":"publish","type":"post","link":"https:\/\/alzira.es\/es\/l-ajuntament-sol-licita-mes-de-400-000-euros-per-a-ficar-en-marxa-nous-cursos-de-formacio-professional-per-a-l-ocupacio\/","title":{"rendered":"El Ayuntamiento solicita m\u00e1s de 400.000 euros para poner en marcha nuevos Cursos de Formaci\u00f3n Profesional para la Ocupaci\u00f3n"},"content":{"rendered":"<p style=\"text-align: justify;\">Alzira, martes 23 de febrero del 2018. IDEA y la concejal\u00eda de Desarrollo Econ\u00f3mico, Trabajo y Proyectos Europeos ha solicitado en la Conselleria de Econom\u00eda Sostenible, Sectores Productivos, Comercio y Trabajo 408.000 euros para poner en marcha el programa de Formaci\u00f3n Profesional para la Ocupaci\u00f3n 2018.<\/p>\n<p style=\"text-align: justify;\">Este tiene como objetivo mejorar la empleabilidad de las personas desempleadas mediante la realizaci\u00f3n de acciones formativas, proporcion\u00e1ndoles una cualificaci\u00f3n profesional que favorezca la inserci\u00f3n laboral. El n\u00famero total de alumnos que se podr\u00e1n beneficiar de estos 10 cursos son unos 120 parados\/as en diferentes especialidades formativas:<\/p>\n<p style=\"text-align: justify; margin-left: 30px;\">\u2022 Servicios de cafeter\u00eda y bar.<\/p>\n<p style=\"text-align: justify; margin-left: 30px;\">\u2022 Confecci\u00f3n y publicaci\u00f3n p\u00e1ginas web.<\/p>\n<p style=\"text-align: justify; margin-left: 30px;\">\u2022 Ingl\u00e9s B1.<\/p>\n<p style=\"text-align: justify; margin-left: 30px;\">\u2022 Instalaci\u00f3n y mantenimiento de jardines y zonas verdes.<\/p>\n<p style=\"text-align: justify; margin-left: 30px;\">\u2022 Atenci\u00f3n socio-sanitaria.<\/p>\n<p style=\"text-align: justify; margin-left: 30px;\">\u2022 Actividades de gesti\u00f3n administrativa.<\/p>\n<p style=\"text-align: justify;\">Iv\u00e1n Mart\u00ednez, concejal del \u00e1rea: \u00abDesde el Ayuntamiento de Alzira hemos situado como prioridad la ocupaci\u00f3n y la formaci\u00f3n para las personas paradas. Gracias a la tarea de las trabajadoras y trabajadores de IDEA y la mayor dotaci\u00f3n de recursos municipales hemos podido optar a m\u00e1s oportunidades para las personas que buscan un trabajo mejorando su perfil profesional. Desde el equipo de gobierno vamos a continuar trabajando para continuar rebajando las tasas de paro, y esta apuesta por el servicio p\u00fablico de empleo sin duda ha contribuido a la bajada significativa de los \u00faltimos a\u00f1os. No obstante, trataremos de dotar de m\u00e1s medios para poder reunir a mucha m\u00e1s gente necesitada de trabajo en nuestra ciudad\u00bb.<\/p>\n<p style=\"text-align: justify;\">Hay que recordar que al Ayuntamiento de Alzira en los \u00faltimos dos meses, en el apartado de formaci\u00f3n m\u00e1s ocupaci\u00f3n, se le han concedido m\u00e1s de 850.000 en distintas subvenciones de tres talleres de empleo por parte del SERVEF y del Fondo Social Europeo en el &#8216;Viaje a el Empleabilidad&#8217; de formaci\u00f3n a 45 j\u00f3venes parados\/as nuestra ciudad. Adem\u00e1s, se han solicitado cerca de un mill\u00f3n de euros m\u00e1s en otros tres talleres de empleo con contratos de un a\u00f1o (programa te Avalamos de la Generalitat Valenciana) y en estos cursos de Formaci\u00f3n Profesional para el Empleo<span style=\"font-size: 14.4px;\">.<\/span><\/p>\n<p style=\"text-align: center;\"><a class=\"jcepopup\" title=\"L\u2019Ajuntament sol\u2022licita m\u00e9s de 400.000 euros per a ficar en marxa nous Cursos de Formaci\u00f3 Professional per a l\u2019Ocupaci\u00f3\" href=\"https:\/\/alzira.es\/wp-content\/uploads\/2018\/02\/IMG_4379.jpg\" target=\"_blank\" rel=\"noopener\"><img fetchpriority=\"high\" decoding=\"async\" class=\" size-full wp-image-27622\" title=\"L\u2019Ajuntament sol\u2022licita m\u00e9s de 400.000 euros per a ficar en marxa nous Cursos de Formaci\u00f3 Professional per a l\u2019Ocupaci\u00f3\" src=\"https:\/\/alzira.es\/wp-content\/uploads\/2018\/02\/IMG_4379.jpg\" alt=\"img 4379\" width=\"600\" height=\"400\" \/><\/a><\/p>\n","protected":false},"excerpt":{"rendered":"<p>Alzira, martes 23 de febrero del 2018. IDEA y la concejal\u00eda de Desarrollo Econ\u00f3mico, Trabajo y Proyectos Europeos ha solicitado en la Conselleria de Econom\u00eda Sostenible, Sectores Productivos, Comercio y Trabajo 408.000 euros para poner en marcha el programa de Formaci\u00f3n Profesional para la Ocupaci\u00f3n 2018. Este tiene como objetivo mejorar la empleabilidad de las &hellip; <\/p>\n<p class=\"link-more\"><a href=\"https:\/\/alzira.es\/es\/l-ajuntament-sol-licita-mes-de-400-000-euros-per-a-ficar-en-marxa-nous-cursos-de-formacio-professional-per-a-l-ocupacio\/\" class=\"more-link\">Continuar leyendo<span class=\"screen-reader-text\"> \u00abEl Ayuntamiento solicita m\u00e1s de 400.000 euros para poner en marcha nuevos Cursos de Formaci\u00f3n Profesional para la Ocupaci\u00f3n\u00bb<\/span><\/a><\/p>\n","protected":false},"author":29,"featured_media":27622,"comment_status":"","ping_status":"","sticky":false,"template":"","format":"standard","meta":{"_acf_changed":false,"footnotes":""},"categories":[1893],"tags":[],"class_list":["post-28015","post","type-post","status-publish","format-standard","has-post-thumbnail","hentry","category-hemeroteca"],"acf":[],"_links":{"self":[{"href":"https:\/\/alzira.es\/es\/wp-json\/wp\/v2\/posts\/28015","targetHints":{"allow":["GET"]}}],"collection":[{"href":"https:\/\/alzira.es\/es\/wp-json\/wp\/v2\/posts"}],"about":[{"href":"https:\/\/alzira.es\/es\/wp-json\/wp\/v2\/types\/post"}],"author":[{"embeddable":true,"href":"https:\/\/alzira.es\/es\/wp-json\/wp\/v2\/users\/29"}],"replies":[{"embeddable":true,"href":"https:\/\/alzira.es\/es\/wp-json\/wp\/v2\/comments?post=28015"}],"version-history":[{"count":0,"href":"https:\/\/alzira.es\/es\/wp-json\/wp\/v2\/posts\/28015\/revisions"}],"wp:featuredmedia":[{"embeddable":true,"href":"https:\/\/alzira.es\/es\/wp-json\/wp\/v2\/media\/27622"}],"wp:attachment":[{"href":"https:\/\/alzira.es\/es\/wp-json\/wp\/v2\/media?parent=28015"}],"wp:term":[{"taxonomy":"category","embeddable":true,"href":"https:\/\/alzira.es\/es\/wp-json\/wp\/v2\/categories?post=28015"},{"taxonomy":"post_tag","embeddable":true,"href":"https:\/\/alzira.es\/es\/wp-json\/wp\/v2\/tags?post=28015"}],"curies":[{"name":"wp","href":"https:\/\/api.w.org\/{rel}","templated":true}]}}