{"id":28008,"date":"2018-02-22T13:32:34","date_gmt":"2018-02-22T12:32:34","guid":{"rendered":"https:\/\/alzira.es\/carmen-monton-anuncia-la-adquisicion-de-un-acelerador-lineal-y-un-pet-tac-para-el-hospital-de-la-ribera\/"},"modified":"2018-02-22T13:32:34","modified_gmt":"2018-02-22T12:32:34","slug":"carmen-monton-anuncia-la-adquisicion-de-un-acelerador-lineal-y-un-pet-tac-para-el-hospital-de-la-ribera","status":"publish","type":"post","link":"https:\/\/alzira.es\/es\/carmen-monton-anuncia-la-adquisicion-de-un-acelerador-lineal-y-un-pet-tac-para-el-hospital-de-la-ribera\/","title":{"rendered":"Carmen Mont\u00f3n anuncia la adquisici\u00f3n de un acelerador lineal y un PET-TAC para el Hospital de La Ribera"},"content":{"rendered":"<p style=\"text-align: justify;\"><img fetchpriority=\"high\" decoding=\"async\" class=\" size-full wp-image-27998\" title=\"GVA\" src=\"https:\/\/alzira.es\/wp-content\/uploads\/2018\/02\/gva_logo.png\" alt=\"gva logo\" width=\"500\" height=\"106\" srcset=\"https:\/\/alzira.es\/wp-content\/uploads\/2018\/02\/gva_logo.png 1580w, https:\/\/alzira.es\/wp-content\/uploads\/2018\/02\/gva_logo-680x145.png 680w, https:\/\/alzira.es\/wp-content\/uploads\/2018\/02\/gva_logo-1430x304.png 1430w, https:\/\/alzira.es\/wp-content\/uploads\/2018\/02\/gva_logo-768x163.png 768w, https:\/\/alzira.es\/wp-content\/uploads\/2018\/02\/gva_logo-1536x327.png 1536w\" sizes=\"(max-width: 500px) 100vw, 500px\" \/><\/p>\n<p style=\"text-align: justify;\"><strong>Carmen Mont\u00f3n anuncia la adquisici\u00f3n de un acelerador lineal y un PET-TAC para el Hospital de La Ribera<\/strong><\/p>\n<p style=\"text-align: justify;\">Conselleria de Sanitat Universal i Salut P\u00fablica<\/p>\n<p style=\"text-align: justify; margin-left: 30px;\">&gt; La consellera se ha reunido con los alcaldes de la comarca para dar detalle de la reversi\u00f3n, una vez finalice el contrato con la concesionaria<br \/>&gt; El proceso de transici\u00f3n del modelo de gesti\u00f3n privada al control directo se ha llevado a cabo con planificaci\u00f3n y transparencia<\/p>\n<p style=\"text-align: justify;\">Val\u00e8ncia (22.02.16).<\/p>\n<p style=\"text-align: justify;\">La consellera de Sanitat, Carmen Mont\u00f3n, ha mantenido esta ma\u00f1ana un encuentro con los alcaldes y alcaldesas de las poblaciones adscritas al departamento de salud de La Ribera, para informarles del proceso de reversi\u00f3n del Hospital de Alzira una vez finalizado el contrato con la concesionaria.<\/p>\n<p style=\"text-align: justify;\">La consellera ha explicado que, \u00aba partir del d\u00eda 1 de abril, el departamento de salud de La Ribera pasar\u00e1 a ser de gesti\u00f3n p\u00fablica y directa y la Conselleria de Sanitat Universal i Salut P\u00fablica potenciar\u00e1 este departamento mediante un plan de inversiones de urgencia\u00bb. De hecho, la titular de Sanidad ha anunciado la inminente adquisici\u00f3n de un acelerador lineal y un PET TAC para diagn\u00f3stico y tratamiento de los enfermos oncol\u00f3gicos, as\u00ed como la actualizaci\u00f3n del mam\u00f3grafo digital para el Hospital de Alzira.<\/p>\n<p style=\"text-align: justify;\">Al encuentro, que ha tenido lugar en Sal\u00f3n de Plenos del Ayuntamiento de Alzira, han asistido representantes de los 34 municipios del departamento, el secretario auton\u00f3mico de Sanidad, Narc\u00eds V\u00e1zquez, el subsecretario, Ricardo Campos, la directora territorial de Sanidad en la provincia, Maite Cardona y la directora general de la Alta Inspecci\u00f3n, Isabel Gonz\u00e1lez, que en los \u00faltimos meses ha recorrido una a una las poblaciones de la comarca, para dar detalle de la reversi\u00f3n.<\/p>\n<p style=\"text-align: justify;\">Carmen Mont\u00f3n ha recordado que el proceso de transici\u00f3n se ha llevado a cabo con total planificaci\u00f3n, transparencia y antelaci\u00f3n. Y ha subrayado que, una vez finalizado el contrato con la concesionaria -que el propio president de la Generalitat anunci\u00f3 en 2016 que no se renovar\u00eda- \u00abno solo se mantendr\u00e1n los mismos servicios asistenciales, sino que se llevar\u00e1n a cabo mejoras en el departamento de salud, tanto en Atenci\u00f3n Primaria como en el propio hospital\u00bb.<\/p>\n<p style=\"text-align: justify;\">Unas mejoras que ya se han contemplado en los presupuestos de 2018, que incluyen un plan de inversiones de urgencia por valor de algo m\u00e1s de 5,7 millones de euros para el departamento de La Ribera. A ello se a\u00f1aden los 2,1 millones previstos para 2019, lo que eleva a m\u00e1s de 7,8 millones de euros la cantidad estimada para mejorar infraestructuras y adquirir equipamiento nuevo.<\/p>\n<p style=\"text-align: justify;\">En 2018 se invertir\u00e1 un total de 150.000 euros correspondientes al Plan de Dignificaci\u00f3n de Infraestructuras en Atenci\u00f3n Primaria. Asimismo, se realizar\u00e1n diversas actuaciones en diferentes servicios del Hospital, en las que se invertir\u00e1n 350.000 euros. Adem\u00e1s, se destinar\u00e1n 600.000 euros para reposici\u00f3n y adquisici\u00f3n de equipamiento en Atenci\u00f3n Primaria. Por \u00faltimo en el equipamiento Hospital de La Ribera se invertir\u00e1n otros 4.600.000 euros.<\/p>\n<p style=\"text-align: justify;\">En concreto, el Hospital de Alzira dispondr\u00e1 de acelerador lineal y PET-TAC para pacientes con c\u00e1ncer, as\u00ed como una actualizaci\u00f3n del mam\u00f3grafo. A ello hay que a\u00f1adir un aseo de personas con movilidad reducida en cada planta de hospitalizaci\u00f3n, mejoras en el Hospital de D\u00eda, mejoras en Urgencias y adquisici\u00f3n de nuevo mobiliario.<\/p>\n<p style=\"text-align: justify;\">Por lo que respecta a Atenci\u00f3n Primaria, adem\u00e1s de mobiliario para los centros de salud, se adquirir\u00e1n equipos de radiolog\u00eda digital para Benifai\u00f3, el CSI de Alzira, Carlet y Sueca -estos dos municipios tendr\u00e1n tambi\u00e9n ec\u00f3grafo-.<\/p>\n<p style=\"text-align: justify;\">Algunas mejoras en las infraestructuras de primaria son: En Cullera, acondicionamiento fachada del centro de salud, apertura de consultorios de playa en periodo estival, apertura de sala de rayos en horario de ma\u00f1ana. En Carcaixent: sala de extracciones y puerta de acceso al centro de salud; en Alginet: instalaci\u00f3n de lavabos en consultas; en Alberic: ampliar el \u00e1rea de extracciones y sala para equipo de radiolog\u00eda; en Albalat: construcci\u00f3n de almac\u00e9n; en L&#8217;Alcudia: adecuar accesos, pintura exterior, fachadas y puerta de urgencias. En Algemes\u00ed: ampliaci\u00f3n del centro de salud, en Fortaleny y Corbera: arreglo del consultorio; en Benicull: proyecto de reforma, previa cesi\u00f3n a Sanidad o en Massalav\u00e9s: construcci\u00f3n de consultorio.<br \/>Adem\u00e1s, a trav\u00e9s del Programa de Intervenci\u00f3n Arquitect\u00f3nica en Consultorios de propiedad municipal (PIAC) \u2013 al que la conselleria destina m\u00e1s de 2,5 millones de euros- se mejorar\u00e1n los consultorios auxiliares de los municipios que lo soliciten (algunos ya lo han hecho, como Benimuslem, Llombai, Favara, Sollana, Tous y Alfarp).<\/p>\n<p style=\"text-align: justify;\"><strong>Sucesi\u00f3n de empresas<\/strong><\/p>\n<p style=\"text-align: justify;\">A partir del 1 de abril, una vez que la conselleria asuma el control directo del departamento de salud, ser\u00e1n de aplicaci\u00f3n las normas laborales de la sucesi\u00f3n de empresas, lo que implica que la Administraci\u00f3n se subrrogar\u00e1 como empleadora y asumir\u00e1 a los trabajadores bajo la f\u00f3rmula de trabajadores laborales a extinguir, \u00abla f\u00f3rmula que mayores garant\u00edas jur\u00eddicas ofrece y que cuenta con el respaldo del comit\u00e9 de empresa, el \u00f3rgano de representaci\u00f3n de los trabajadores\u00bb, ha recordado Mont\u00f3n.<\/p>\n<p style=\"text-align: justify;\">La consellera ha reiterado que la reversi\u00f3n se har\u00e1 \u00abcon todas las garant\u00edas y con la vista puesta siempre en los pacientes, con el objetivo de garantizar la mejor atenci\u00f3n sanitaria a los 250.000 habitantes de La Ribera.<\/p>\n<p style=\"text-align: justify;\">Para ello, no solo se mantendr\u00e1n todos los servicios, sino que se estudiar\u00e1 la incorporaci\u00f3n de nuevos servicios en funci\u00f3n de la planificaci\u00f3n que se est\u00e1 llevando a cabo desde la conselleria. Se crear\u00e1n plazas para cubrir especialidades que hoy en d\u00eda se cubren mediante contrato mercantil y se incrementar\u00e1 progresivamente la plantilla actual para reducir la precariedad.<\/p>\n<p style=\"text-align: justify;\">\u00abEn resumen \u2013 ha concluido Mont\u00f3n-, se va a potenciar la Atenci\u00f3n Primaria, se van a mejorar las infraestructuras tanto de los centros de salud como del propio hospital y se van a mantener todos los servicios asistenciales\u00bb. La consellera ha finalizado su intervenci\u00f3n asegurando que el aparcamiento del hospital ser\u00e1 gratuito y crecer\u00e1 en n\u00famero de plazas, y que la conselleria adquirir\u00e1 veh\u00edculos el\u00e9ctricos para reforzar tambi\u00e9n la Unidad de Hospitalizaci\u00f3n Domiciliaria.<\/p>\n<p style=\"text-align: center;\"><a class=\"jcepopup\" style=\"text-align: center;\" title=\"Carmen Mont\u00f3n anuncia l\u2019adquisici\u00f3 d\u2019un accelerador lineal i un PET-TAC per a l\u2019Hospital de la Ribera\" href=\"https:\/\/alzira.es\/wp-content\/uploads\/2018\/02\/IMG_8177.jpg\" target=\"_blank\" rel=\"noopener\"><img decoding=\"async\" class=\"size-full wp-image-28000 lazyload\" title=\"Carmen Mont\u00f3n anuncia l\u2019adquisici\u00f3 d\u2019un accelerador lineal i un PET-TAC per a l\u2019Hospital de la Ribera\" data-src=\"https:\/\/alzira.es\/wp-content\/uploads\/2018\/02\/IMG_8177.jpg\" alt=\"IMG 8177\" width=\"265\" height=\"199\" src=\"data:image\/svg+xml;base64,PHN2ZyB3aWR0aD0iMSIgaGVpZ2h0PSIxIiB4bWxucz0iaHR0cDovL3d3dy53My5vcmcvMjAwMC9zdmciPjwvc3ZnPg==\" style=\"--smush-placeholder-width: 265px; --smush-placeholder-aspect-ratio: 265\/199;\" \/><\/a><a class=\"jcepopup\" style=\"text-align: center;\" title=\"Carmen Mont\u00f3n anuncia l\u2019adquisici\u00f3 d\u2019un accelerador lineal i un PET-TAC per a l\u2019Hospital de la Ribera\" type=\"image\" href=\"https:\/\/alzira.es\/wp-content\/uploads\/2018\/02\/IMG_8184.jpg\" target=\"_blank\" rel=\"noopener\"><img decoding=\"async\" class=\"size-full wp-image-28003 lazyload\" title=\"Carmen Mont\u00f3n anuncia l\u2019adquisici\u00f3 d\u2019un accelerador lineal i un PET-TAC per a l\u2019Hospital de la Ribera\" data-src=\"https:\/\/alzira.es\/wp-content\/uploads\/2018\/02\/IMG_8184.jpg\" alt=\"IMG 8184\" width=\"265\" height=\"199\" src=\"data:image\/svg+xml;base64,PHN2ZyB3aWR0aD0iMSIgaGVpZ2h0PSIxIiB4bWxucz0iaHR0cDovL3d3dy53My5vcmcvMjAwMC9zdmciPjwvc3ZnPg==\" style=\"--smush-placeholder-width: 265px; --smush-placeholder-aspect-ratio: 265\/199;\" \/><\/a><a class=\"jcepopup\" style=\"color: #e25b32; text-align: center;\" title=\"Carmen Mont\u00f3n anuncia l\u2019adquisici\u00f3 d\u2019un accelerador lineal i un PET-TAC per a l\u2019Hospital de la Ribera\" type=\"image\" href=\"https:\/\/alzira.es\/wp-content\/uploads\/2018\/02\/IMG_8191.jpg\" target=\"_blank\" rel=\"noopener\"><img decoding=\"async\" class=\"size-full wp-image-28005 lazyload\" style=\"--smush-placeholder-width: 299px; --smush-placeholder-aspect-ratio: 299\/199;display: block; margin-left: auto; margin-right: auto;\" title=\"Carmen Mont\u00f3n anuncia l\u2019adquisici\u00f3 d\u2019un accelerador lineal i un PET-TAC per a l\u2019Hospital de la Ribera\" data-src=\"https:\/\/alzira.es\/wp-content\/uploads\/2018\/02\/IMG_8191.jpg\" alt=\"IMG 8191\" width=\"299\" height=\"199\" data-srcset=\"https:\/\/alzira.es\/wp-content\/uploads\/2018\/02\/IMG_8191.jpg 1200w, https:\/\/alzira.es\/wp-content\/uploads\/2018\/02\/IMG_8191-680x453.jpg 680w, https:\/\/alzira.es\/wp-content\/uploads\/2018\/02\/IMG_8191-768x512.jpg 768w\" data-sizes=\"(max-width: 299px) 100vw, 299px\" src=\"data:image\/svg+xml;base64,PHN2ZyB3aWR0aD0iMSIgaGVpZ2h0PSIxIiB4bWxucz0iaHR0cDovL3d3dy53My5vcmcvMjAwMC9zdmciPjwvc3ZnPg==\" \/><\/a><\/p>\n<p style=\"text-align: center;\">&nbsp;<\/p>\n","protected":false},"excerpt":{"rendered":"<p>Carmen Mont\u00f3n anuncia la adquisici\u00f3n de un acelerador lineal y un PET-TAC para el Hospital de La Ribera Conselleria de Sanitat Universal i Salut P\u00fablica &gt; La consellera se ha reunido con los alcaldes de la comarca para dar detalle de la reversi\u00f3n, una vez finalice el contrato con la concesionaria&gt; El proceso de transici\u00f3n &hellip; <\/p>\n<p class=\"link-more\"><a href=\"https:\/\/alzira.es\/es\/carmen-monton-anuncia-la-adquisicion-de-un-acelerador-lineal-y-un-pet-tac-para-el-hospital-de-la-ribera\/\" class=\"more-link\">Continuar leyendo<span class=\"screen-reader-text\"> \u00abCarmen Mont\u00f3n anuncia la adquisici\u00f3n de un acelerador lineal y un PET-TAC para el Hospital de La Ribera\u00bb<\/span><\/a><\/p>\n","protected":false},"author":29,"featured_media":27998,"comment_status":"","ping_status":"","sticky":false,"template":"","format":"standard","meta":{"_acf_changed":false,"footnotes":""},"categories":[1893],"tags":[],"class_list":["post-28008","post","type-post","status-publish","format-standard","has-post-thumbnail","hentry","category-hemeroteca"],"acf":[],"_links":{"self":[{"href":"https:\/\/alzira.es\/es\/wp-json\/wp\/v2\/posts\/28008","targetHints":{"allow":["GET"]}}],"collection":[{"href":"https:\/\/alzira.es\/es\/wp-json\/wp\/v2\/posts"}],"about":[{"href":"https:\/\/alzira.es\/es\/wp-json\/wp\/v2\/types\/post"}],"author":[{"embeddable":true,"href":"https:\/\/alzira.es\/es\/wp-json\/wp\/v2\/users\/29"}],"replies":[{"embeddable":true,"href":"https:\/\/alzira.es\/es\/wp-json\/wp\/v2\/comments?post=28008"}],"version-history":[{"count":0,"href":"https:\/\/alzira.es\/es\/wp-json\/wp\/v2\/posts\/28008\/revisions"}],"wp:featuredmedia":[{"embeddable":true,"href":"https:\/\/alzira.es\/es\/wp-json\/wp\/v2\/media\/27998"}],"wp:attachment":[{"href":"https:\/\/alzira.es\/es\/wp-json\/wp\/v2\/media?parent=28008"}],"wp:term":[{"taxonomy":"category","embeddable":true,"href":"https:\/\/alzira.es\/es\/wp-json\/wp\/v2\/categories?post=28008"},{"taxonomy":"post_tag","embeddable":true,"href":"https:\/\/alzira.es\/es\/wp-json\/wp\/v2\/tags?post=28008"}],"curies":[{"name":"wp","href":"https:\/\/api.w.org\/{rel}","templated":true}]}}