{"id":27994,"date":"2018-02-22T12:05:09","date_gmt":"2018-02-22T11:05:09","guid":{"rendered":"https:\/\/alzira.es\/la-filla-de-antonio-ballester-dona-al-muma-l-obra-la-muchaca-en-el-lago\/"},"modified":"2018-02-22T12:05:09","modified_gmt":"2018-02-22T11:05:09","slug":"la-filla-de-antonio-ballester-dona-al-muma-l-obra-la-muchaca-en-el-lago","status":"publish","type":"post","link":"https:\/\/alzira.es\/es\/la-filla-de-antonio-ballester-dona-al-muma-l-obra-la-muchaca-en-el-lago\/","title":{"rendered":"La hija de Antonio Ballester dona al MUMA la obra La Muchacha en el Lago"},"content":{"rendered":"<p style=\"text-align: justify;\"><span style=\"font-size: 14.4px;\">Alzira, 22 de febrero de 2018.- Ante un nutrido p\u00fablico congregado en el MUMA, ayer Ana Rosa Ballester Bonilla hizo p\u00fablica la donaci\u00f3n al pueblo de Alzira de la imagen que hizo su padre, el artista Antonio Ballester Vilaseca. Uno de los artistas valencianos m\u00e1s prestigiosos de Espa\u00f1a en el siglo XX, que, como dijo en el discurso de presentaci\u00f3n la vicealcaldesa y concejala de Patrimonio Cultural, Isabel Aguilar, fue uno de los artistas valencianos que debieron salir, a la fuerza, de su tierra, hacia un injusto exilio, solo por el hecho de implicarse en defender una Espa\u00f1a mejor, social y cultural para todos.&nbsp;<\/span><\/p>\n<p style=\"text-align: justify;\"><span style=\"font-size: 14.4px;\">Entre el p\u00fablico asistente hab\u00eda representaci\u00f3n de diferentes asociaciones, as\u00ed como el presidente de la Junta de Hermandades y Cofrad\u00edas de la Semana Santa de Alzira, Vicente F\u00e1bregues, ya que algunos de los pasos procesionales son obra de Ballester, como la Oraci\u00f3n de Jes\u00fas en el Huerto; el Cristo yacente del Santo Sepulcro; o el Cristo en el G\u00f3lgota; motivo por el que tambi\u00e9n acudieron los presidentes y miembros de las respectivas cofrad\u00edas: Enrique Sifre y Francis Luis, o de im\u00e1genes como Nuestra Se\u00f1ora del Lluch, patrona de la ciudad, representada por su presidente Javier And\u00fajar; y otros obras como la Inmaculada de Santa Catalina, representada por Enrique Masi\u00e1.<\/span><\/p>\n<p style=\"text-align: justify;\"><span style=\"font-size: 14.4px;\">A todas estas obras, Ana Rosa Ballester a\u00f1adi\u00f3 una imagen en bronce de Vicente Blasco Ib\u00e1\u00f1ez, y ahora la figura de La Muchacha en el lago, ambas para ser expuestas en el MUMA, donde tambi\u00e9n se conserva la imagen en yeso de Santa Gracia, que hizo junto a Elias Cu\u00f1at para esculpir la figura p\u00e9trea de la hermanita y ubicarla en el casalicio del Puente de Sant Bernart.<\/span><\/p>\n<p style=\"text-align: justify;\"><span style=\"font-size: 14.4px;\">Un acto muy emotivo donde Alzira demostr\u00f3 una vez m\u00e1s, en la persona de Ana Rosa, el aprecio que profesa a la obra de Ballester.<\/span><\/p>\n<p style=\"text-align: justify;\"><span style=\"font-size: 14.4px;\">En palabras de Aguilar: \u00abLa obra de Ballester en Alzira ser\u00e1 por siempre apreciada por unos, adorada por otros y estimada por todos\u00bb.<\/span><\/p>\n<p style=\"text-align: justify;\"><span style=\"font-size: 14.4px;\">Por su parte el alcalde, Diego G\u00f3mez, reconoci\u00f3 tambi\u00e9n en su discurso la gran aportaci\u00f3n art\u00edstica de Ballester a la ciudad de Alzira, tanto en su obra de im\u00e1genes religiosas como en su obra civil. Para el alcalde, \u00abla obra de La Muchacha en el lago es una escultura de libertad que llenar\u00e1 nuestro museo acompa\u00f1ando a otras obras del bienquerido Tonico Ballester\u00bb.<\/span><\/p>\n<p style=\"text-align: center;\"><a class=\"jcepopup\" title=\"La filla de Antonio Ballester dona al MUMA l'obra La Muchaca en el Lago\" href=\"https:\/\/alzira.es\/wp-content\/uploads\/2018\/02\/20180221_195202.jpg\" target=\"_blank\" rel=\"noopener\"><img fetchpriority=\"high\" decoding=\"async\" class=\" size-full wp-image-27991\" title=\"La filla de Antonio Ballester dona al MUMA l'obra La Muchaca en el Lago\" src=\"https:\/\/alzira.es\/wp-content\/uploads\/2018\/02\/20180221_195202.jpg\" alt=\"20180221 195202\" width=\"600\" height=\"450\" srcset=\"https:\/\/alzira.es\/wp-content\/uploads\/2018\/02\/20180221_195202.jpg 1200w, https:\/\/alzira.es\/wp-content\/uploads\/2018\/02\/20180221_195202-680x510.jpg 680w, https:\/\/alzira.es\/wp-content\/uploads\/2018\/02\/20180221_195202-768x576.jpg 768w\" sizes=\"(max-width: 600px) 100vw, 600px\" \/><\/a><\/p>\n<p style=\"margin: 0cm; margin-bottom: .0001pt; text-align: justify; line-height: 150%;\"><strong style=\"mso-bidi-font-weight: normal;\"><span style=\"font-size: 11.0pt; line-height: 150%; font-family: 'Arial','sans-serif'; color: black; mso-themecolor: text1;\">Alzira, 22 de febrero de 2018.-<\/span><\/strong><span style=\"font-size: 11.0pt; line-height: 150%; font-family: 'Arial','sans-serif'; color: black; mso-themecolor: text1;\"> Ante un nutrido p\u00fablico congregado en el MUMA, ayer Ana Rosa Ballester Bonilla hizo p\u00fablica la donaci\u00f3n al pueblo de Alzira de la imagen que hizo su padre, el artista Antonio Ballester Vilaseca. Uno de los artistas valencianos m\u00e1s prestigiosos de Espa\u00f1a en el siglo XX, que, como dijo en el discurso de presentaci\u00f3n la vicealcaldesa y concejala de Patrimonio Cultural, Isabel Aguilar, fue uno de los artistas valencianos que debieron salir, a la fuerza, de su tierra, hacia un injusto exilio, solo por el hecho de implicarse en defender una Espa\u00f1a mejor, social y cultural para todos. <\/span><\/p>\n<p style=\"margin: 0cm; margin-bottom: .0001pt; text-align: justify; line-height: 150%;\"><span style=\"font-size: 11.0pt; line-height: 150%; font-family: 'Arial','sans-serif'; color: black; mso-themecolor: text1;\">&nbsp;<\/span><\/p>\n<p style=\"margin: 0cm; margin-bottom: .0001pt; text-align: justify; line-height: 150%;\"><span style=\"font-size: 11.0pt; line-height: 150%; font-family: 'Arial','sans-serif'; color: black; mso-themecolor: text1;\">Entre el p\u00fablico asistente hab\u00eda representaci\u00f3n de diferentes asociaciones, as\u00ed como el presidente de la Junta de Hermandades y Cofrad\u00edas de la Semana Santa de Alzira, Vicente F\u00e1bregues, ya que algunos de los pasos procesionales son obra de Ballester, como la Oraci\u00f3n de Jes\u00fas en el Huerto; el Cristo yacente del Santo Sepulcro; o el Cristo en el G\u00f3lgota; motivo por el que tambi\u00e9n acudieron los presidentes y miembros de las respectivas cofrad\u00edas: Enrique Sifre y Francis Luis, o de im\u00e1genes como Nuestra Se\u00f1ora del Lluch, patrona de la ciudad, representada por su presidente Javier And\u00fajar; y otros obras como la Inmaculada de Santa Catalina, representada por Enrique Masi\u00e1.<\/span><\/p>\n<p style=\"margin: 0cm; margin-bottom: .0001pt; text-align: justify; line-height: 150%;\"><span style=\"font-size: 11.0pt; line-height: 150%; color: black; mso-themecolor: text1;\">&nbsp;<\/span><\/p>\n<p style=\"margin: 0cm; margin-bottom: .0001pt; text-align: justify; line-height: 150%;\"><span style=\"font-size: 11.0pt; line-height: 150%; font-family: 'Arial','sans-serif'; color: black; mso-themecolor: text1;\">A todas estas obras, Ana Rosa Ballester a\u00f1adi\u00f3 una imagen en bronce de Vicente Blasco Ib\u00e1\u00f1ez, y ahora la figura de La Muchacha en el lago, ambas para ser expuestas en el MUMA, donde tambi\u00e9n se conserva la imagen en yeso de Santa Gracia, que hizo junto a Elias Cu\u00f1at para esculpir la figura p\u00e9trea de la hermanita y ubicarla en el casalicio del Puente de Sant Bernart.<\/span><span style=\"font-size: 11.0pt; line-height: 150%; color: black; mso-themecolor: text1;\"><\/span><\/p>\n<p style=\"margin: 0cm; margin-bottom: .0001pt; text-align: justify; line-height: 150%;\"><span style=\"font-size: 11.0pt; line-height: 150%; font-family: 'Arial','sans-serif'; color: black; mso-themecolor: text1;\">Un acto muy emotivo donde Alzira demostr\u00f3 una vez m\u00e1s, en la persona de Ana Rosa, el aprecio que profesa a la obra de Ballester.<\/span><\/p>\n<p style=\"margin: 0cm; margin-bottom: .0001pt; text-align: justify; line-height: 150%;\"><span style=\"font-size: 11.0pt; line-height: 150%; color: black; mso-themecolor: text1;\">&nbsp;<\/span><\/p>\n<p style=\"margin: 0cm; margin-bottom: .0001pt; text-align: justify; line-height: 150%;\"><span style=\"font-size: 11.0pt; line-height: 150%; font-family: 'Arial','sans-serif'; color: black; mso-themecolor: text1;\">En palabras de Aguilar: \u00abLa obra de Ballester en Alzira ser\u00e1 por siempre apreciada por unos, adorada por otros y estimada por todos\u00bb.<\/span><\/p>\n<p style=\"margin: 0cm; margin-bottom: .0001pt; text-align: justify; line-height: 150%;\"><span style=\"font-size: 11.0pt; line-height: 150%; color: black; mso-themecolor: text1;\">&nbsp;<\/span><\/p>\n<p style=\"margin: 0cm; margin-bottom: .0001pt; text-align: justify; line-height: 150%;\"><span style=\"font-size: 11.0pt; line-height: 150%; font-family: 'Arial','sans-serif'; color: black; mso-themecolor: text1;\">Por su parte el alcalde, Diego G\u00f3mez, reconoci\u00f3 tambi\u00e9n en su discurso la gran aportaci\u00f3n art\u00edstica de Ballester a la ciudad de Alzira, tanto en su obra de im\u00e1genes religiosas como en su obra civil. Para el alcalde, \u00abla obra de La Muchacha en el lago es una escultura de libertad que llenar\u00e1 nuestro museo acompa\u00f1ando a otras obras del bienquerido Tonico Ballester\u00bb.<\/span><span style=\"font-size: 11.0pt; line-height: 150%; color: black; mso-themecolor: text1;\"><\/span><\/p>\n<p>&nbsp;<\/p>\n","protected":false},"excerpt":{"rendered":"<p>Alzira, 22 de febrero de 2018.- Ante un nutrido p\u00fablico congregado en el MUMA, ayer Ana Rosa Ballester Bonilla hizo p\u00fablica la donaci\u00f3n al pueblo de Alzira de la imagen que hizo su padre, el artista Antonio Ballester Vilaseca. Uno de los artistas valencianos m\u00e1s prestigiosos de Espa\u00f1a en el siglo XX, que, como dijo &hellip; <\/p>\n<p class=\"link-more\"><a href=\"https:\/\/alzira.es\/es\/la-filla-de-antonio-ballester-dona-al-muma-l-obra-la-muchaca-en-el-lago\/\" class=\"more-link\">Continuar leyendo<span class=\"screen-reader-text\"> \u00abLa hija de Antonio Ballester dona al MUMA la obra La Muchacha en el Lago\u00bb<\/span><\/a><\/p>\n","protected":false},"author":29,"featured_media":27991,"comment_status":"","ping_status":"","sticky":false,"template":"","format":"standard","meta":{"_acf_changed":false,"footnotes":""},"categories":[1893],"tags":[],"class_list":["post-27994","post","type-post","status-publish","format-standard","has-post-thumbnail","hentry","category-hemeroteca"],"acf":[],"_links":{"self":[{"href":"https:\/\/alzira.es\/es\/wp-json\/wp\/v2\/posts\/27994","targetHints":{"allow":["GET"]}}],"collection":[{"href":"https:\/\/alzira.es\/es\/wp-json\/wp\/v2\/posts"}],"about":[{"href":"https:\/\/alzira.es\/es\/wp-json\/wp\/v2\/types\/post"}],"author":[{"embeddable":true,"href":"https:\/\/alzira.es\/es\/wp-json\/wp\/v2\/users\/29"}],"replies":[{"embeddable":true,"href":"https:\/\/alzira.es\/es\/wp-json\/wp\/v2\/comments?post=27994"}],"version-history":[{"count":0,"href":"https:\/\/alzira.es\/es\/wp-json\/wp\/v2\/posts\/27994\/revisions"}],"wp:featuredmedia":[{"embeddable":true,"href":"https:\/\/alzira.es\/es\/wp-json\/wp\/v2\/media\/27991"}],"wp:attachment":[{"href":"https:\/\/alzira.es\/es\/wp-json\/wp\/v2\/media?parent=27994"}],"wp:term":[{"taxonomy":"category","embeddable":true,"href":"https:\/\/alzira.es\/es\/wp-json\/wp\/v2\/categories?post=27994"},{"taxonomy":"post_tag","embeddable":true,"href":"https:\/\/alzira.es\/es\/wp-json\/wp\/v2\/tags?post=27994"}],"curies":[{"name":"wp","href":"https:\/\/api.w.org\/{rel}","templated":true}]}}