{"id":27993,"date":"2018-02-21T14:34:59","date_gmt":"2018-02-21T13:34:59","guid":{"rendered":"https:\/\/alzira.es\/alzira-aprova-el-pla-d-ocupacio-2018-fem-treball-fem-alzira-per-a-contractar-a-10-treballadors-es-majors-de-45-anys-3\/"},"modified":"2018-02-21T14:34:59","modified_gmt":"2018-02-21T13:34:59","slug":"alzira-aprova-el-pla-d-ocupacio-2018-fem-treball-fem-alzira-per-a-contractar-a-10-treballadors-es-majors-de-45-anys-3","status":"publish","type":"post","link":"https:\/\/alzira.es\/es\/alzira-aprova-el-pla-d-ocupacio-2018-fem-treball-fem-alzira-per-a-contractar-a-10-treballadors-es-majors-de-45-anys-3\/","title":{"rendered":"Alzira aprova el Pla d\u2019Ocupaci\u00f3 2018: \u201cFem Treball, Fem Alzira\u201d per a contractar a 10 treballadors\/es majors de 45 anys."},"content":{"rendered":"<p style=\"text-align: justify;\">Alzira, 21 de febrer del 2018. L&#8217;Ajuntament d&#8217;Alzira, a trav\u00e9s de la Regidoria de Desenvolupament Econ\u00f2mic, Projectes Europeus i Treball i IDEA, ha aprovat la convocat\u00f2ria del Pla d&#8217;Ocupaci\u00f3 2018: \u00abFem Treball, Fem Alzira\u00bb per a la contractaci\u00f3 de 10 persones aturades majors de 45 anys.<\/p>\n<p style=\"text-align: justify;\">Un dels objectius prioritaris de la regidoria de Desenvolupament Econ\u00f2mic, Treball i Projectes Europeus i IDEA \u00e9s articular les mesures necess\u00e0ries per pal\u00b7liar la desocupaci\u00f3 a Alzira. Amb aquest pla de foment d&#8217;ocupaci\u00f3 es vol contribuir la inserci\u00f3 laboral dels col\u00b7lectius m\u00e9s afectats per la crisi en Alzira, com s\u00f3n les persones aturades entre 30 i 45 anys i els majors de 45 anys. \u00abFem Treball, Fem Alzira\u00bb t\u00e9 com a objectiu principal contribuir al fet que les persones aturades, o amb especials dificultats d&#8217;ocupaci\u00f3, professionals del sector de la construcci\u00f3, puguen accedir a un lloc de treball eventual en l&#8217;Administraci\u00f3 local. Aix\u00ed mateix, es pret\u00e9n donar cobertura a aquells col\u00b7lectius m\u00e9s afectats per la crisi en el municipi, les persones aturades entre 30 i 45 anys i els majors de 45 anys, reservant un 50% de les places per a cada col\u00b7lectiu.<\/p>\n<p style=\"text-align: justify;\">Segons Ivan Mart\u00ednez: \u00abEl pla d&#8217;ocupaci\u00f3 \u00abFem Treball, Fem Alzira\u00bb incideix en l&#8217;aspecte social considerant la situaci\u00f3 socioecon\u00f2mica de les fam\u00edlies, tenint en compte el nombre de membres desocupats en la unitat familiar, a m\u00e9s, els llocs de treball oferts pertanyen tots al sector de la construcci\u00f3, un dels m\u00e9s castigats en els \u00faltims anys. Per aix\u00f2 el principal objectiu d&#8217;aquest pla de foment d&#8217;ocupaci\u00f3 ser\u00e0 contribuir al fet que les persones aturades, o amb especials dificultats d&#8217;ocupaci\u00f3, professionals del sector de la construcci\u00f3, puguen accedir a un lloc de treball, alhora que contribuir\u00e0 a la millora en l&#8217;accessibilitat en el casc urb\u00e0 d&#8217;Alzira, guals per als vianants, ampliaci\u00f3 de voreres i repavimentaci\u00f3 de voreres.\u00bb<\/p>\n<p style=\"text-align: justify;\">Recordem que aquesta mesura s&#8217;uneix a altres iniciatives locals que pretenen refor\u00e7ar l&#8217;economia com els programes d&#8217;ajudes municipals, \u00abPrograma EMPR\u00c9N. Ajuda a la Creaci\u00f3 d&#8217;empresa a Alzira\u00bb i \u00abPrograma FORMAPLUS. Ajuda a la inserci\u00f3 laboral a Alzira\u00bb o les mesures i programes per a pal\u00b7liar la desocupaci\u00f3 juvenil, com s\u00f3n el Pla d&#8217;Ocupaci\u00f3 Juvenil Qualificats i el Pla d&#8217;Ocupaci\u00f3 Juvenil. Formaci\u00f3+Treball.<\/p>\n<p style=\"text-align: justify;\">Les persones interessades poden ja informar-se en les depend\u00e8ncies d&#8217;IDEA (c\/ Ronda d&#8217;Algemes\u00ed, 4) o al tel\u00e8fon 962 45 51 01<\/p>\n<p style=\"text-align: center;\"><a class=\"jcepopup\" title=\"Alzira aprova el Pla d\u2019Ocupaci\u00f3 2018: \u201cFem Treball, Fem Alzira\u201d per a contractar a 10 treballadors\/es majors de 45 anys.\" href=\"https:\/\/alzira.es\/wp-content\/uploads\/2018\/02\/IMG_4379.jpg\" target=\"_blank\" rel=\"noopener\"><img fetchpriority=\"high\" decoding=\"async\" class=\" size-full wp-image-27622\" title=\"Alzira aprova el Pla d\u2019Ocupaci\u00f3 2018: \u201cFem Treball, Fem Alzira\u201d per a contractar a 10 treballadors\/es majors de 45 anys.\" src=\"https:\/\/alzira.es\/wp-content\/uploads\/2018\/02\/IMG_4379.jpg\" alt=\"img 4379\" width=\"600\" height=\"400\" \/><\/a><\/p>\n","protected":false},"excerpt":{"rendered":"<p>Alzira, 21 de febrer del 2018. L&#8217;Ajuntament d&#8217;Alzira, a trav\u00e9s de la Regidoria de Desenvolupament Econ\u00f2mic, Projectes Europeus i Treball i IDEA, ha aprovat la convocat\u00f2ria del Pla d&#8217;Ocupaci\u00f3 2018: \u00abFem Treball, Fem Alzira\u00bb per a la contractaci\u00f3 de 10 persones aturades majors de 45 anys. Un dels objectius prioritaris de la regidoria de Desenvolupament &hellip; <\/p>\n<p class=\"link-more\"><a href=\"https:\/\/alzira.es\/es\/alzira-aprova-el-pla-d-ocupacio-2018-fem-treball-fem-alzira-per-a-contractar-a-10-treballadors-es-majors-de-45-anys-3\/\" class=\"more-link\">Continuar leyendo<span class=\"screen-reader-text\"> \u00abAlzira aprova el Pla d\u2019Ocupaci\u00f3 2018: \u201cFem Treball, Fem Alzira\u201d per a contractar a 10 treballadors\/es majors de 45 anys.\u00bb<\/span><\/a><\/p>\n","protected":false},"author":29,"featured_media":27622,"comment_status":"","ping_status":"","sticky":false,"template":"","format":"standard","meta":{"_acf_changed":false,"footnotes":""},"categories":[],"tags":[],"class_list":["post-27993","post","type-post","status-publish","format-standard","has-post-thumbnail","hentry"],"acf":[],"_links":{"self":[{"href":"https:\/\/alzira.es\/es\/wp-json\/wp\/v2\/posts\/27993","targetHints":{"allow":["GET"]}}],"collection":[{"href":"https:\/\/alzira.es\/es\/wp-json\/wp\/v2\/posts"}],"about":[{"href":"https:\/\/alzira.es\/es\/wp-json\/wp\/v2\/types\/post"}],"author":[{"embeddable":true,"href":"https:\/\/alzira.es\/es\/wp-json\/wp\/v2\/users\/29"}],"replies":[{"embeddable":true,"href":"https:\/\/alzira.es\/es\/wp-json\/wp\/v2\/comments?post=27993"}],"version-history":[{"count":0,"href":"https:\/\/alzira.es\/es\/wp-json\/wp\/v2\/posts\/27993\/revisions"}],"wp:featuredmedia":[{"embeddable":true,"href":"https:\/\/alzira.es\/es\/wp-json\/wp\/v2\/media\/27622"}],"wp:attachment":[{"href":"https:\/\/alzira.es\/es\/wp-json\/wp\/v2\/media?parent=27993"}],"wp:term":[{"taxonomy":"category","embeddable":true,"href":"https:\/\/alzira.es\/es\/wp-json\/wp\/v2\/categories?post=27993"},{"taxonomy":"post_tag","embeddable":true,"href":"https:\/\/alzira.es\/es\/wp-json\/wp\/v2\/tags?post=27993"}],"curies":[{"name":"wp","href":"https:\/\/api.w.org\/{rel}","templated":true}]}}